{"id":198207,"date":"2025-06-23T13:09:11","date_gmt":"2025-06-23T13:09:11","guid":{"rendered":"https:\/\/www.europesays.com\/fr\/198207\/"},"modified":"2025-06-23T13:09:11","modified_gmt":"2025-06-23T13:09:11","slug":"firminy-interpelle-avec-de-la-resine-de-cannabis-il-frappe-les-policiers","status":"publish","type":"post","link":"https:\/\/www.europesays.com\/fr\/198207\/","title":{"rendered":"Firminy. Interpell\u00e9 avec de la r\u00e9sine de cannabis, il frappe les policiers"},"content":{"rendered":"<p>Vendredi 20\u00a0juin, la brigade canine de la police nationale est mobilis\u00e9e en centre-ville de Firminy pour s\u00e9curiser la f\u00eate de la musique. C\u2019est alors que les policiers sont avertis d\u2019un probl\u00e8me au sein d\u2019un bus.<\/p>\n<p>Ils se positionnent \u00e0 l\u2019arr\u00eat et, \u00e0 la vue des fonctionnaires, un individu de 18 ans tente de dissimuler quelques grammes de r\u00e9sine de cannabis. Les policiers ne s\u2019en laissent pas conter et interpellent le jeune homme.<\/p>\n<p>Celui-ci se d\u00e9cha\u00eene, insulte les fonctionnaires et leur porte des coups de poing. Plac\u00e9 en garde \u00e0 vue, il sera convoqu\u00e9 devant la justice pour r\u00e9pondre de faits d\u2019outrages, r\u00e9bellion et violences envers une personne d\u00e9positaire de l\u2019autorit\u00e9 publique.<\/p>\n","protected":false},"excerpt":{"rendered":"Vendredi 20\u00a0juin, la brigade canine de la police nationale est mobilis\u00e9e en centre-ville de Firminy pour s\u00e9curiser la&hellip;\n","protected":false},"author":2,"featured_media":198208,"comment_status":"","ping_status":"","sticky":false,"template":"","format":"standard","meta":{"footnotes":""},"categories":[9653],"tags":[1111,11,2430,271,272,7539,1777,674,274,10282,10283,1011,27,3367,12,25,4001],"class_list":{"0":"post-198207","1":"post","2":"type-post","3":"status-publish","4":"format-standard","5":"has-post-thumbnail","7":"category-saint-etienne","8":"tag-actu","9":"tag-actualites","10":"tag-auvergne-rhone-alpes","11":"tag-crime","12":"tag-delit-et-contravention","13":"tag-edition-loire-sud","14":"tag-eu","15":"tag-europe","16":"tag-faits-divers-justice","17":"tag-firminy","18":"tag-firminy-ville","19":"tag-fr","20":"tag-france","21":"tag-loire","22":"tag-news","23":"tag-republique-francaise","24":"tag-saint-etienne"},"share_on_mastodon":{"url":"https:\/\/pubeurope.com\/@fr\/114732843883011692","error":""},"_links":{"self":[{"href":"https:\/\/www.europesays.com\/fr\/wp-json\/wp\/v2\/posts\/198207","targetHints":{"allow":["GET"]}}],"collection":[{"href":"https:\/\/www.europesays.com\/fr\/wp-json\/wp\/v2\/posts"}],"about":[{"href":"https:\/\/www.europesays.com\/fr\/wp-json\/wp\/v2\/types\/post"}],"author":[{"embeddable":true,"href":"https:\/\/www.europesays.com\/fr\/wp-json\/wp\/v2\/users\/2"}],"replies":[{"embeddable":true,"href":"https:\/\/www.europesays.com\/fr\/wp-json\/wp\/v2\/comments?post=198207"}],"version-history":[{"count":0,"href":"https:\/\/www.europesays.com\/fr\/wp-json\/wp\/v2\/posts\/198207\/revisions"}],"wp:featuredmedia":[{"embeddable":true,"href":"https:\/\/www.europesays.com\/fr\/wp-json\/wp\/v2\/media\/198208"}],"wp:attachment":[{"href":"https:\/\/www.europesays.com\/fr\/wp-json\/wp\/v2\/media?parent=198207"}],"wp:term":[{"taxonomy":"category","embeddable":true,"href":"https:\/\/www.europesays.com\/fr\/wp-json\/wp\/v2\/categories?post=198207"},{"taxonomy":"post_tag","embeddable":true,"href":"https:\/\/www.europesays.com\/fr\/wp-json\/wp\/v2\/tags?post=198207"}],"curies":[{"name":"wp","href":"https:\/\/api.w.org\/{rel}","templated":true}]}}