{"id":198209,"date":"2025-06-23T13:10:12","date_gmt":"2025-06-23T13:10:12","guid":{"rendered":"https:\/\/www.europesays.com\/fr\/198209\/"},"modified":"2025-06-23T13:10:12","modified_gmt":"2025-06-23T13:10:12","slug":"saint-etienne-en-bresse-une-soixantaine-dexposants-au-vide-greniers-de-la-festiphanoise","status":"publish","type":"post","link":"https:\/\/www.europesays.com\/fr\/198209\/","title":{"rendered":"Saint-\u00c9tienne-en-Bresse. Une soixantaine d\u2019exposants au vide-greniers de la Festi\u2019phanoise"},"content":{"rendered":"<p>Ce dimanche 22 juin, \u00e0 proximit\u00e9 de la salle des f\u00eates de Saint-Etienne-en-Bresse et en ext\u00e9rieur, les membres de la Festi\u2019phanoise ont organis\u00e9 une nouvelle \u00e9dition de leur traditionnel vide-greniers.<\/p>\n<p>Avec les chaleurs caniculaires, l\u2019association a eu une grosse soixantaine d\u2019exposants et \u00e0 cause la m\u00e9t\u00e9o, il y a eu une quinzaine de d\u00e9fections. Malgr\u00e9 tout, la Festi\u2019phanoise tient \u00e0 remercier ceux, exposants et visiteurs, qui ont fait l\u2019effort de venir et les membres de l\u2019association auront \u00e9t\u00e9 r\u00e9compenser de leurs investissements.<\/p>\n","protected":false},"excerpt":{"rendered":"Ce dimanche 22 juin, \u00e0 proximit\u00e9 de la salle des f\u00eates de Saint-Etienne-en-Bresse et en ext\u00e9rieur, les membres&hellip;\n","protected":false},"author":2,"featured_media":198210,"comment_status":"","ping_status":"","sticky":false,"template":"","format":"standard","meta":{"footnotes":""},"categories":[9653],"tags":[1111,11,2430,5738,11679,1687,6238,1777,674,107,1011,27,17760,12,25,4001,17759,3365],"class_list":{"0":"post-198209","1":"post","2":"type-post","3":"status-publish","4":"format-standard","5":"has-post-thumbnail","7":"category-saint-etienne","8":"tag-actu","9":"tag-actualites","10":"tag-auvergne-rhone-alpes","11":"tag-bourses","12":"tag-brocantes","13":"tag-culture-loisirs","14":"tag-edition-bresse","15":"tag-eu","16":"tag-europe","17":"tag-fil-info","18":"tag-fr","19":"tag-france","20":"tag-louhans-bassin","21":"tag-news","22":"tag-republique-francaise","23":"tag-saint-etienne","24":"tag-saint-etienne-en-bresse","25":"tag-vide-greniers"},"share_on_mastodon":{"url":"https:\/\/pubeurope.com\/@fr\/114732847996489612","error":""},"_links":{"self":[{"href":"https:\/\/www.europesays.com\/fr\/wp-json\/wp\/v2\/posts\/198209","targetHints":{"allow":["GET"]}}],"collection":[{"href":"https:\/\/www.europesays.com\/fr\/wp-json\/wp\/v2\/posts"}],"about":[{"href":"https:\/\/www.europesays.com\/fr\/wp-json\/wp\/v2\/types\/post"}],"author":[{"embeddable":true,"href":"https:\/\/www.europesays.com\/fr\/wp-json\/wp\/v2\/users\/2"}],"replies":[{"embeddable":true,"href":"https:\/\/www.europesays.com\/fr\/wp-json\/wp\/v2\/comments?post=198209"}],"version-history":[{"count":0,"href":"https:\/\/www.europesays.com\/fr\/wp-json\/wp\/v2\/posts\/198209\/revisions"}],"wp:featuredmedia":[{"embeddable":true,"href":"https:\/\/www.europesays.com\/fr\/wp-json\/wp\/v2\/media\/198210"}],"wp:attachment":[{"href":"https:\/\/www.europesays.com\/fr\/wp-json\/wp\/v2\/media?parent=198209"}],"wp:term":[{"taxonomy":"category","embeddable":true,"href":"https:\/\/www.europesays.com\/fr\/wp-json\/wp\/v2\/categories?post=198209"},{"taxonomy":"post_tag","embeddable":true,"href":"https:\/\/www.europesays.com\/fr\/wp-json\/wp\/v2\/tags?post=198209"}],"curies":[{"name":"wp","href":"https:\/\/api.w.org\/{rel}","templated":true}]}}