{"id":19821,"date":"2025-04-12T12:53:14","date_gmt":"2025-04-12T12:53:14","guid":{"rendered":"https:\/\/www.europesays.com\/fr\/19821\/"},"modified":"2025-04-12T12:53:14","modified_gmt":"2025-04-12T12:53:14","slug":"atp-gasquet-cite-deux-joueurs-desagreables-des-mecs-qui-ont-ete-56e-mondiaux-mais-federer-nadal-et-djokovic-les-meilleurs-ceux-qui-interessent-vraiment-les-gens-ce-sont-des-mecs-polis-re","status":"publish","type":"post","link":"https:\/\/www.europesays.com\/fr\/19821\/","title":{"rendered":"ATP > Gasquet cite deux joueurs d\u00e9sagr\u00e9ables : \u00ab\u00a0Des mecs qui ont \u00e9t\u00e9 5,6e mondiaux&#8230; Mais Federer, Nadal et Djokovic, les meilleurs, ceux qui int\u00e9ressent vraiment les gens, ce sont des mecs polis, respectueux et agr\u00e9ables\u00a0\u00bb"},"content":{"rendered":"<p>Lors de son passage il y a quelques semaines dans le podcast \u00ab\u202fPause\u202f\u00bb d\u2019Alexandre Mars, Richard Gasquet a \u00e9t\u00e9 inter\u00adrog\u00e9 sur sa rela\u00adtion avec les meilleurs joueurs et l\u2019at\u00adti\u00adtude de ces derniers sur le circuit.\u00a0<\/p>\n<p>Question\u00a0: \u00ab\u202fNadal est connu pour \u00eatre sympa. Il y a un mec qui n\u2019\u00e9tait pas\u00a0sympa\u202f?\u202f\u00bb<\/p>\n<p>Gasquet\u00a0: <strong>\u00ab\u202fDes mecs un peu moins forts (que Federer, Djokovic et Nadal) comme Tomas Berdych, Robin Soderling, qui ont quand m\u00eame \u00e9t\u00e9 5,6e mondiaux (m\u00eame 4e pour les deux, ndlr). Mais les meilleurs, ceux qui int\u00e9\u00adressent vrai\u00adment les gens, Federer, Nadal et Djokovic, ce sont des mecs polis, respec\u00adtueux, agr\u00e9ables.\u202f\u00bb<\/strong><\/p>\n<blockquote class=\"tiktok-embed\" cite=\"https:\/\/www.tiktok.com\/@lepodcastpause\/video\/7490496500875660566\" data-video-id=\"7490496500875660566\" style=\"max-width: 605px;min-width: 325px;\"><p>  <a target=\"_blank\" title=\"@lepodcastpause\" href=\"https:\/\/www.tiktok.com\/@lepodcastpause?refer=embed\" data-wpel-link=\"external\" rel=\"nofollow external noopener\">@lepodcastpause<\/a> \ud83c\udfc6 Que se passe\u2010t\u2010il r\u00e9el\u00adle\u00adment dans la t\u00eate d\u2019un cham\u00adpion\u202f? <a title=\"richardgasquet\" target=\"_blank\" href=\"https:\/\/www.tiktok.com\/tag\/richardgasquet?refer=embed\" data-wpel-link=\"external\" rel=\"nofollow external noopener\">#richard\u00adgas\u00adquet<\/a> a grandi sous les projec\u00adteurs, l\u00e0 o\u00f9 chaque coup de raquette faisait na\u00eetre des espoirs, des critiques, des l\u00e9gendes. Une carri\u00e8re faite de sommets verti\u00adgi\u00adneux et de combats int\u00e9\u00adrieurs. Il conna\u00eet la soli\u00adtude d\u2019un court, la pres\u00adsion d\u2019un public, et la qu\u00eate constante d\u2019\u00e9quilibre entre le talent brut et la r\u00e9si\u00adlience.  <a title=\"tennis\" target=\"_blank\" href=\"https:\/\/www.tiktok.com\/tag\/tennis?refer=embed\" data-wpel-link=\"external\" rel=\"nofollow external noopener\">#tennis<\/a> <a title=\"tennisplayer\" target=\"_blank\" href=\"https:\/\/www.tiktok.com\/tag\/tennisplayer?refer=embed\" data-wpel-link=\"external\" rel=\"nofollow external noopener\">#tennis\u00adplayer<\/a> <a title=\"gasquet\" target=\"_blank\" href=\"https:\/\/www.tiktok.com\/tag\/gasquet?refer=embed\" data-wpel-link=\"external\" rel=\"nofollow external noopener\">#gasquet<\/a> <a title=\"richardgasquet\" target=\"_blank\" href=\"https:\/\/www.tiktok.com\/tag\/richardgasquet?refer=embed\" data-wpel-link=\"external\" rel=\"nofollow external noopener\">#richard\u00adgas\u00adquet<\/a> <a title=\"tournois\" target=\"_blank\" href=\"https:\/\/www.tiktok.com\/tag\/tournois?refer=embed\" data-wpel-link=\"external\" rel=\"nofollow external noopener\">#tour\u00adnois<\/a> <a title=\"pause\" target=\"_blank\" href=\"https:\/\/www.tiktok.com\/tag\/pause?refer=embed\" data-wpel-link=\"external\" rel=\"nofollow external noopener\">#pause<\/a> <a title=\"lepodcastpause\" target=\"_blank\" href=\"https:\/\/www.tiktok.com\/tag\/lepodcastpause?refer=embed\" data-wpel-link=\"external\" rel=\"nofollow external noopener\">#lepod\u00adcast\u00adpause<\/a> <a title=\"alexandremars\" target=\"_blank\" href=\"https:\/\/www.tiktok.com\/tag\/alexandremars?refer=embed\" data-wpel-link=\"external\" rel=\"nofollow external noopener\">#alexan\u00addre\u00admars<\/a> <a target=\"_blank\" title=\"\u266c son original - lepodcastpause\" href=\"https:\/\/www.tiktok.com\/music\/son-original-7490496488696957718?refer=embed\" data-wpel-link=\"external\" rel=\"nofollow external noopener\">\u266c son original \u2013 lepod\u00adcast\u00adpause<\/a>  <\/p><\/blockquote>\n<p>Alors qu\u2019il a d\u00e9j\u00e0 fait ses adieux \u00e0 Monte\u2010Carlo mercredi, suite \u00e0 sa d\u00e9faite au deuxi\u00e8me tour contre Daniel Altmaier, \u00ab\u202fRichie\u202f\u00bb mettra pour rappel un terme \u00e0 sa carri\u00e8re \u00e0 Roland\u2010Garros (25 mai au 8\u00a0juin).\u00a0<\/p>\n<p class=\"post-published-date\" style=\"color: silver; font-size: 75%; text-align: left;\">Publi\u00e9 le jeudi 10 avril 2025 \u00e0 09:46<\/p>\n<p><script async src=\"\/\/www.tiktok.com\/embed.js\"><\/script><\/p>\n","protected":false},"excerpt":{"rendered":"Lors de son passage il y a quelques semaines dans le podcast \u00ab\u202fPause\u202f\u00bb d\u2019Alexandre Mars, Richard Gasquet a&hellip;\n","protected":false},"author":2,"featured_media":7025,"comment_status":"","ping_status":"","sticky":false,"template":"","format":"standard","meta":{"footnotes":""},"categories":[1415],"tags":[105,2199,1011,27,1753,1960,60,1467],"class_list":{"0":"post-19821","1":"post","2":"type-post","3":"status-publish","4":"format-standard","5":"has-post-thumbnail","7":"category-tennis","8":"tag-djokovic","9":"tag-federer","10":"tag-fr","11":"tag-france","12":"tag-gasquet","13":"tag-nadal","14":"tag-sports","15":"tag-tennis"},"share_on_mastodon":{"url":"https:\/\/pubeurope.com\/@fr\/114325094608944120","error":""},"_links":{"self":[{"href":"https:\/\/www.europesays.com\/fr\/wp-json\/wp\/v2\/posts\/19821","targetHints":{"allow":["GET"]}}],"collection":[{"href":"https:\/\/www.europesays.com\/fr\/wp-json\/wp\/v2\/posts"}],"about":[{"href":"https:\/\/www.europesays.com\/fr\/wp-json\/wp\/v2\/types\/post"}],"author":[{"embeddable":true,"href":"https:\/\/www.europesays.com\/fr\/wp-json\/wp\/v2\/users\/2"}],"replies":[{"embeddable":true,"href":"https:\/\/www.europesays.com\/fr\/wp-json\/wp\/v2\/comments?post=19821"}],"version-history":[{"count":0,"href":"https:\/\/www.europesays.com\/fr\/wp-json\/wp\/v2\/posts\/19821\/revisions"}],"wp:featuredmedia":[{"embeddable":true,"href":"https:\/\/www.europesays.com\/fr\/wp-json\/wp\/v2\/media\/7025"}],"wp:attachment":[{"href":"https:\/\/www.europesays.com\/fr\/wp-json\/wp\/v2\/media?parent=19821"}],"wp:term":[{"taxonomy":"category","embeddable":true,"href":"https:\/\/www.europesays.com\/fr\/wp-json\/wp\/v2\/categories?post=19821"},{"taxonomy":"post_tag","embeddable":true,"href":"https:\/\/www.europesays.com\/fr\/wp-json\/wp\/v2\/tags?post=19821"}],"curies":[{"name":"wp","href":"https:\/\/api.w.org\/{rel}","templated":true}]}}