{"id":198221,"date":"2025-06-23T13:16:16","date_gmt":"2025-06-23T13:16:16","guid":{"rendered":"https:\/\/www.europesays.com\/fr\/198221\/"},"modified":"2025-06-23T13:16:16","modified_gmt":"2025-06-23T13:16:16","slug":"fun-radio-mediterranee-avec-polo-pan-a-montpellier","status":"publish","type":"post","link":"https:\/\/www.europesays.com\/fr\/198221\/","title":{"rendered":"Fun Radio M\u00e9diterran\u00e9e avec Polo &#038; Pan \u00e0 Montpellier"},"content":{"rendered":"<p class=\"article-p mdl\">Rockstore, My life is a week end, AEG PRESENTS FRANCE et Fun Radio M\u00e9diterran\u00e9e pr\u00e9sentent le Club Peyrou !<br \/>Rendez vous le 28 juin sur l&#8217;embl\u00e9matique Promenade du Peyrou \u00e0 Montpellier avec Polo &amp; Pan (dj set), Dabeull (dj set) et Baston &amp; P\u00e9pitas Bravas !<\/p>\n<p>                <img decoding=\"async\" alt=\"\" class=\"media-item lazy\" src=\"https:\/\/www.europesays.com\/fr\/wp-content\/uploads\/2025\/06\/1764769-polo1080x1080.jpg\"\/><\/p>\n<p>\n            POLO1080x1080<\/p>\n<p>\n            Cr\u00e9dit : <\/p>\n<p class=\"article-p mdl\">Fun Radio M\u00e9diterran\u00e9e vous invite ! Envoyez maintenant le code \u00a0\u00bb Club Peyrou \u00a0\u00bb avec nom\/pr\u00e9nom\/t\u00e9l\u00e9phone \u00e0 montpellier@funradiofr<\/p>\n<p class=\"article-p mdl\">Info sur https:\/\/www.funradio.fr\/sujet\/mediterranee<br \/>\ud83c\udfa7 Montpellier : 91.8<br \/>\ud83c\udfa7 B\u00e9ziers : 106.3<br \/>\ud83c\udfa7 Carcassonne : 93.9<br \/>\ud83d\udcf3 Appli Fun Radio \/ Localis\u00e9 Montpellier<br \/><a class=\"link\" href=\"https:\/\/www.instagram.com\/explore\/tags\/monptellier\/\" target=\"_blank\" rel=\"noopener\">#monptellier<\/a>\u00a0<a class=\"link\" href=\"https:\/\/www.instagram.com\/explore\/tags\/beziers\/\" target=\"_blank\" rel=\"noopener\">#beziers<\/a>\u00a0<a class=\"link\" href=\"https:\/\/www.instagram.com\/explore\/tags\/carcassonne\/\" target=\"_blank\" rel=\"noopener\">#carcassonne<\/a><\/p>\n<p>\n                                    Lire la suite\n                                <\/p>\n<p>                            <script async src=\"\/\/www.instagram.com\/embed.js\"><\/script><\/p>\n","protected":false},"excerpt":{"rendered":"Rockstore, My life is a week end, AEG PRESENTS FRANCE et Fun Radio M\u00e9diterran\u00e9e pr\u00e9sentent le Club Peyrou&hellip;\n","protected":false},"author":2,"featured_media":198222,"comment_status":"","ping_status":"","sticky":false,"template":"","format":"standard","meta":{"footnotes":""},"categories":[9599],"tags":[1111,11,1777,674,1011,27,330,1252,2208,12,2680,25],"class_list":{"0":"post-198221","1":"post","2":"type-post","3":"status-publish","4":"format-standard","5":"has-post-thumbnail","7":"category-montpellier","8":"tag-actu","9":"tag-actualites","10":"tag-eu","11":"tag-europe","12":"tag-fr","13":"tag-france","14":"tag-jeux","15":"tag-mediterranee","16":"tag-montpellier","17":"tag-news","18":"tag-occitanie","19":"tag-republique-francaise"},"share_on_mastodon":{"url":"https:\/\/pubeurope.com\/@fr\/114732871487824448","error":""},"_links":{"self":[{"href":"https:\/\/www.europesays.com\/fr\/wp-json\/wp\/v2\/posts\/198221","targetHints":{"allow":["GET"]}}],"collection":[{"href":"https:\/\/www.europesays.com\/fr\/wp-json\/wp\/v2\/posts"}],"about":[{"href":"https:\/\/www.europesays.com\/fr\/wp-json\/wp\/v2\/types\/post"}],"author":[{"embeddable":true,"href":"https:\/\/www.europesays.com\/fr\/wp-json\/wp\/v2\/users\/2"}],"replies":[{"embeddable":true,"href":"https:\/\/www.europesays.com\/fr\/wp-json\/wp\/v2\/comments?post=198221"}],"version-history":[{"count":0,"href":"https:\/\/www.europesays.com\/fr\/wp-json\/wp\/v2\/posts\/198221\/revisions"}],"wp:featuredmedia":[{"embeddable":true,"href":"https:\/\/www.europesays.com\/fr\/wp-json\/wp\/v2\/media\/198222"}],"wp:attachment":[{"href":"https:\/\/www.europesays.com\/fr\/wp-json\/wp\/v2\/media?parent=198221"}],"wp:term":[{"taxonomy":"category","embeddable":true,"href":"https:\/\/www.europesays.com\/fr\/wp-json\/wp\/v2\/categories?post=198221"},{"taxonomy":"post_tag","embeddable":true,"href":"https:\/\/www.europesays.com\/fr\/wp-json\/wp\/v2\/tags?post=198221"}],"curies":[{"name":"wp","href":"https:\/\/api.w.org\/{rel}","templated":true}]}}