{"id":198223,"date":"2025-06-23T13:17:08","date_gmt":"2025-06-23T13:17:08","guid":{"rendered":"https:\/\/www.europesays.com\/fr\/198223\/"},"modified":"2025-06-23T13:17:08","modified_gmt":"2025-06-23T13:17:08","slug":"un-homme-grievement-blesse-et-la-route-coupee","status":"publish","type":"post","link":"https:\/\/www.europesays.com\/fr\/198223\/","title":{"rendered":"un homme gri\u00e8vement bless\u00e9 et la route coup\u00e9e"},"content":{"rendered":"<p>            Par<br \/>\n        <strong><br \/>\n            <a href=\"https:\/\/actu.fr\/auteur\/fmass\" title=\"Consulter tous les articles de Fabien Massin\" rel=\"nofollow noopener\" target=\"_blank\">Fabien Massin<\/a><br \/>\n        <\/strong><\/p>\n<p>        Publi\u00e9 le<\/p>\n<p>            23 juin 2025 \u00e0 14h45        <\/p>\n<p>Un grave accident de la route s\u2019est produit lundi 23 juin 2025 peu avant 14 heures sur la route d\u00e9partementale 982, \u00e0<strong> Saint-Wandrille-Ran\u00e7on<\/strong> (commune nouvelle de <a href=\"https:\/\/actu.fr\/normandie\/rives-en-seine_76164\" rel=\"nofollow noopener\" target=\"_blank\">Rives-en-Seine<\/a>), entre Caudebec-en-Caux et Le Trait, \u00e0 l\u2019ouest de <a href=\"https:\/\/actu.fr\/normandie\/rouen_76540\" rel=\"nofollow noopener\" target=\"_blank\">Rouen (Seine-Maritime)<\/a>.\u00a0\u00a0<\/p>\n<p>Un homme de 51 ans bless\u00e9 grave<\/p>\n<p class=\" wall-content\">Une voiture seule est impliqu\u00e9e. Le conducteur, un homme de 51 ans, a \u00e9t\u00e9 gri\u00e8vement bless\u00e9, les secours ont d\u00fb proc\u00e9der \u00e0 sa d\u00e9sincarc\u00e9ration. Sur place, cinq v\u00e9hicules et 15 sapeurs-pompiers ont \u00e9t\u00e9 d\u00e9p\u00each\u00e9s, ainsi que<strong> l\u2019h\u00e9licopt\u00e8re Dragon 76<\/strong>.\u00a0<\/p>\n<p class=\" wall-content\">\u00c0 lire aussi<\/p>\n<p class=\" wall-content\">La route est totalement coup\u00e9e \u00e0 la circulation pendant la dur\u00e9e des op\u00e9rations.\u00a0<\/p>\n<p>Suivez l\u2019actualit\u00e9 de Rouen sur notre <a href=\"https:\/\/www.whatsapp.com\/channel\/0029VaKfnf99hXF2ddApFB1D\" rel=\"nofollow noopener\" target=\"_blank\">cha\u00eene WhatsApp<\/a> et sur notre <a href=\"https:\/\/www.tiktok.com\/@76actu.fr?lang=fr\" rel=\"nofollow noopener\" target=\"_blank\">compte TikTok<\/a>Vid\u00e9os : en ce moment sur Actu<\/p>\n<p class=\" wall-content\">Suivez toute l\u2019actualit\u00e9 de vos villes et m\u00e9dias favoris en vous inscrivant \u00e0 <a href=\"https:\/\/moncompte.actu.fr\" title=\"D\u00e9couvez Mon Actu\" rel=\"nofollow noopener\" data-trk=\"{&quot;cta&quot;:{&quot;action&quot;:&quot;https:\\\/\\\/moncompte.actu.fr&quot;,&quot;category&quot;:&quot;mon compte&quot;,&quot;from&quot;:&quot;article footer&quot;,&quot;name&quot;:&quot;Mon actu&quot;,&quot;type&quot;:&quot;cta&quot;}}\" target=\"_blank\">Mon Actu<\/a>.<\/p>\n<p>                    <script async src=\"\/\/www.tiktok.com\/embed.js\"><\/script><\/p>\n","protected":false},"excerpt":{"rendered":"Par Fabien Massin Publi\u00e9 le 23 juin 2025 \u00e0 14h45 Un grave accident de la route s\u2019est produit&hellip;\n","protected":false},"author":2,"featured_media":198224,"comment_status":"","ping_status":"","sticky":false,"template":"","format":"standard","meta":{"footnotes":""},"categories":[9587],"tags":[119,1111,11,1777,674,118,1011,27,12,5161,1311,25,9590],"class_list":{"0":"post-198223","1":"post","2":"type-post","3":"status-publish","4":"format-standard","5":"has-post-thumbnail","7":"category-rouen","8":"tag-accident","9":"tag-actu","10":"tag-actualites","11":"tag-eu","12":"tag-europe","13":"tag-faits-divers","14":"tag-fr","15":"tag-france","16":"tag-news","17":"tag-normandie","18":"tag-pompiers","19":"tag-republique-francaise","20":"tag-rouen"},"share_on_mastodon":{"url":"https:\/\/pubeurope.com\/@fr\/114732875377644074","error":""},"_links":{"self":[{"href":"https:\/\/www.europesays.com\/fr\/wp-json\/wp\/v2\/posts\/198223","targetHints":{"allow":["GET"]}}],"collection":[{"href":"https:\/\/www.europesays.com\/fr\/wp-json\/wp\/v2\/posts"}],"about":[{"href":"https:\/\/www.europesays.com\/fr\/wp-json\/wp\/v2\/types\/post"}],"author":[{"embeddable":true,"href":"https:\/\/www.europesays.com\/fr\/wp-json\/wp\/v2\/users\/2"}],"replies":[{"embeddable":true,"href":"https:\/\/www.europesays.com\/fr\/wp-json\/wp\/v2\/comments?post=198223"}],"version-history":[{"count":0,"href":"https:\/\/www.europesays.com\/fr\/wp-json\/wp\/v2\/posts\/198223\/revisions"}],"wp:featuredmedia":[{"embeddable":true,"href":"https:\/\/www.europesays.com\/fr\/wp-json\/wp\/v2\/media\/198224"}],"wp:attachment":[{"href":"https:\/\/www.europesays.com\/fr\/wp-json\/wp\/v2\/media?parent=198223"}],"wp:term":[{"taxonomy":"category","embeddable":true,"href":"https:\/\/www.europesays.com\/fr\/wp-json\/wp\/v2\/categories?post=198223"},{"taxonomy":"post_tag","embeddable":true,"href":"https:\/\/www.europesays.com\/fr\/wp-json\/wp\/v2\/tags?post=198223"}],"curies":[{"name":"wp","href":"https:\/\/api.w.org\/{rel}","templated":true}]}}