{"id":198233,"date":"2025-06-23T13:22:25","date_gmt":"2025-06-23T13:22:25","guid":{"rendered":"https:\/\/www.europesays.com\/fr\/198233\/"},"modified":"2025-06-23T13:22:25","modified_gmt":"2025-06-23T13:22:25","slug":"3emes-rencontres-nationales-de-la-marche-en-ville-a-rennes-les-25-et-26-septembre-2025","status":"publish","type":"post","link":"https:\/\/www.europesays.com\/fr\/198233\/","title":{"rendered":"3\u00e8mes Rencontres nationales de la marche en ville \u00e0 Rennes les 25 et 26 septembre 2025"},"content":{"rendered":"<p>Red\u00e9couverts par les fran\u00e7ais depuis plusieurs ann\u00e9es, les bienfaits de la marche en termes de sant\u00e9 et de lutte contre la s\u00e9dentarit\u00e9, sont aussi un passeport pour la ville de demain : frugale, d\u00e9carbon\u00e9e, ouverte \u00e0 tous sans distinction d\u2019\u00e2ge et de classes sociales.\u00a0<\/p>\n<p>Les deux premi\u00e8res \u00e9ditions de ces Rencontres ont connu un vif succ\u00e8s \u00e0 Marseille en septembre 2021 et \u00e0 Reims en novembre 2023. Une nouvelle \u00e9dition de cet \u00e9v\u00e8nement aura lieu <strong>les jeudi 25 et vendredi 26 septembre 2025<\/strong> \u00e0 <strong>la Chambre des M\u00e9tiers et de l\u2019Artisanat de Rennes.\u00a0<\/strong><\/p>\n<p>Organis\u00e9es par le collectif Place aux pi\u00e9tons, compos\u00e9 de la FFRandonn\u00e9e, Rue de l\u2019Avenir, 60 Millions de pi\u00e9tons et du R\u00e9seau v\u00e9lo et marche, en partenariat avec l\u2019ADEME, la DGITM, la Ville, la M\u00e9tropole de Rennes et KEOLIS, ces Rencontres auront lieu dans un format in\u00e9dit comprenant des ateliers et des tables rondes pr\u00e9c\u00e9d\u00e9es de marches exploratoires \u00e0 la d\u00e9couverte du territoire de la m\u00e9tropole rennaise.\u00a0<\/p>\n<p><strong>Le programme de l\u2019\u00e9dition 2025<\/strong><\/p>\n<p>Cette ann\u00e9e, une attention particuli\u00e8re sera port\u00e9e aux <strong>territoires souvent laiss\u00e9s de c\u00f4t\u00e9 dans les r\u00e9flexions sur la marche<\/strong> : les zones p\u00e9riurbaines, les quartiers prioritaires, les villages et les espaces peu denses. Une table ronde permettra d\u2019aborder ces enjeux en pl\u00e9ni\u00e8re. Deux marches exploratoires sont \u00e9galement pr\u00e9vues dans certains de ces territoires : l\u2019une \u00e0 <strong>Acign\u00e9<\/strong>, commune p\u00e9riurbaine, 1\u00e8re de sa cat\u00e9gorie au Barom\u00e8tre des Villes et villages marchables 2023, l\u2019autre dans le quartier du <strong>Blosne<\/strong>, class\u00e9 prioritaire, engag\u00e9 dans un ambitieux projet de requalification urbaine.<\/p>\n<p><strong>Trois ateliers<\/strong> permettront d\u2019aborder\u00a0des th\u00e9matiques essentiels pour d\u00e9velopper les mobilit\u00e9s pi\u00e9tonnes\u00a0: l\u2019un sur l\u2019accessibilit\u00e9 de l\u2019espace public pour les publics les plus fragiles, le 2\u00e8me sur les retomb\u00e9es \u00e9conomiques et territoriales de la marche et le dernier portera sur l\u2019implication des citoyen.ne.s dans le d\u00e9veloppement des mobilit\u00e9s pi\u00e9tonnes.\u00a0<\/p>\n<p>Enfin, <strong>une derni\u00e8re table ronde intitul\u00e9e\u00a0 \u00ab\u00a0Pour des villes et villages \u00e0 hauteur d\u2019enfants\u00a0\u00bb<\/strong> permettra de mettre en avant des exemples concrets pour offrir une meilleure et juste place aux enfants dans la ville.\u00a0<\/p>\n<p style=\"text-align: center;\"><a href=\"https:\/\/www.placeauxpietons.eu\/wp-content\/uploads\/2025\/06\/Programme-previsionnel-Rencontres-MEV-2025.pdf\" target=\"_blank\" rel=\"noopener nofollow\">Retrouvez le programme complet ICI<\/a><\/p>\n<p><strong>Nos comit\u00e9s de randonn\u00e9e seront \u00e0 l\u2019honneur<\/strong> lors de cet \u00e9v\u00e9nement avec notamment la participation des comit\u00e9s d\u2019Ille-et-Vilaine, de Gironde et de Seine-Saint-Denis en pl\u00e9ni\u00e8re ou lors des ateliers, aux c\u00f4t\u00e9s d\u2019un large public\u00a0: collectivit\u00e9s locales, services de l\u2019\u00c9tat, chercheurs, \u00e9tudiants, associations fran\u00e7aises et europ\u00e9ennes, bureaux d\u2019\u00e9tudes, entreprises, pi\u00e9tons et randonneurs et \u00e0 toutes celles et ceux qui s\u2019engagent au quotidien pour le d\u00e9veloppement des mobilit\u00e9s actives.\u00a0<\/p>\n<p>Alors si vous souhaitez participer \u00e0 cette troisi\u00e8me \u00e9dition des rencontres de la marche en ville, <a href=\"https:\/\/www.helloasso.com\/associations\/ffrandonnee-federation-francaise-de-la-randonnee-pedestre\/evenements\/3eme-rencontres-nationales-de-la-marche-en-ville\" target=\"_blank\" rel=\"noopener nofollow\"><strong>vous pouvez vous inscrire ICI<\/strong><\/a><\/p>\n<p>\u00a0<\/p>\n<p><strong>INFORMATIONS PRATIQUES<\/strong><\/p>\n<p>Quand\u00a0: 25 et 26 septembre 2025<\/p>\n<p>O\u00f9\u00a0: Chambre de m\u00e9tiers et de l\u2019artisanat de Bretagne, 2 cours des Alli\u00e9s \u00e0 Rennes<\/p>\n<p>\u21d2 Retrouvez toutes les informations pour vous rendre sur place <a href=\"https:\/\/www.placeauxpietons.eu\/wp-content\/uploads\/2025\/06\/Informations-pratiques-Rencontres-MEV-2025.pdf\" target=\"_blank\" rel=\"noopener nofollow\">ICI<\/a><\/p>\n<p>\u21d2 Retrouvez le programme pr\u00e9visionnel des deux journ\u00e9es <a href=\"https:\/\/www.placeauxpietons.eu\/wp-content\/uploads\/2025\/06\/Programme-previsionnel-Rencontres-MEV-2025.pdf\" target=\"_blank\" rel=\"noopener nofollow\">ICI<\/a><\/p>\n<p>\u21d2 Prenez votre place <a href=\"https:\/\/www.helloasso.com\/associations\/ffrandonnee-federation-francaise-de-la-randonnee-pedestre\/evenements\/3eme-rencontres-nationales-de-la-marche-en-ville\" target=\"_blank\" rel=\"noopener nofollow\">ICI<\/a><\/p>\n","protected":false},"excerpt":{"rendered":"Red\u00e9couverts par les fran\u00e7ais depuis plusieurs ann\u00e9es, les bienfaits de la marche en termes de sant\u00e9 et de&hellip;\n","protected":false},"author":2,"featured_media":198234,"comment_status":"","ping_status":"","sticky":false,"template":"","format":"standard","meta":{"footnotes":""},"categories":[2821],"tags":[1111,11,28225,28226,829,28217,28218,1777,674,28216,28227,28228,1011,27,28211,28212,28215,28224,28219,28222,12,28213,28221,28220,584,25,28214,28223],"class_list":{"0":"post-198233","1":"post","2":"type-post","3":"status-publish","4":"format-standard","5":"has-post-thumbnail","7":"category-rennes","8":"tag-actu","9":"tag-actualites","10":"tag-animateur-de-randonnee","11":"tag-balisage","12":"tag-bretagne","13":"tag-clubs-de-randonnee","14":"tag-disciplines-de-randonnee","15":"tag-eu","16":"tag-europe","17":"tag-federation-francaise-de-la-randonnee-pedestre","18":"tag-ffrandonnee","19":"tag-ffrp","20":"tag-fr","21":"tag-france","22":"tag-gr","23":"tag-grande-randonnee","24":"tag-itineraires-de-randonnee","25":"tag-itinerance","26":"tag-longe-cote","27":"tag-marche-nordique","28":"tag-news","29":"tag-promenade-et-randonnee","30":"tag-rando-challenge","31":"tag-raquette-a-neige","32":"tag-rennes","33":"tag-republique-francaise","34":"tag-topoguide","35":"tag-trek"},"share_on_mastodon":{"url":"https:\/\/pubeurope.com\/@fr\/114732894978167154","error":""},"_links":{"self":[{"href":"https:\/\/www.europesays.com\/fr\/wp-json\/wp\/v2\/posts\/198233","targetHints":{"allow":["GET"]}}],"collection":[{"href":"https:\/\/www.europesays.com\/fr\/wp-json\/wp\/v2\/posts"}],"about":[{"href":"https:\/\/www.europesays.com\/fr\/wp-json\/wp\/v2\/types\/post"}],"author":[{"embeddable":true,"href":"https:\/\/www.europesays.com\/fr\/wp-json\/wp\/v2\/users\/2"}],"replies":[{"embeddable":true,"href":"https:\/\/www.europesays.com\/fr\/wp-json\/wp\/v2\/comments?post=198233"}],"version-history":[{"count":0,"href":"https:\/\/www.europesays.com\/fr\/wp-json\/wp\/v2\/posts\/198233\/revisions"}],"wp:featuredmedia":[{"embeddable":true,"href":"https:\/\/www.europesays.com\/fr\/wp-json\/wp\/v2\/media\/198234"}],"wp:attachment":[{"href":"https:\/\/www.europesays.com\/fr\/wp-json\/wp\/v2\/media?parent=198233"}],"wp:term":[{"taxonomy":"category","embeddable":true,"href":"https:\/\/www.europesays.com\/fr\/wp-json\/wp\/v2\/categories?post=198233"},{"taxonomy":"post_tag","embeddable":true,"href":"https:\/\/www.europesays.com\/fr\/wp-json\/wp\/v2\/tags?post=198233"}],"curies":[{"name":"wp","href":"https:\/\/api.w.org\/{rel}","templated":true}]}}