{"id":198237,"date":"2025-06-23T13:24:10","date_gmt":"2025-06-23T13:24:10","guid":{"rendered":"https:\/\/www.europesays.com\/fr\/198237\/"},"modified":"2025-06-23T13:24:10","modified_gmt":"2025-06-23T13:24:10","slug":"a-lopera-national-du-rhin-de-strasbourg-sweeney-todd-un-barbier-qui-petille","status":"publish","type":"post","link":"https:\/\/www.europesays.com\/fr\/198237\/","title":{"rendered":"\u00c0 l\u2019Op\u00e9ra national du Rhin de Strasbourg, Sweeney Todd un barbier qui p\u00e9tille"},"content":{"rendered":"<p><strong>CRITIQUE &#8211;<\/strong> Mise en sc\u00e8ne par Barrie Kosky, la com\u00e9die musicale de Stephen Sondheim provoque un sentiment de pl\u00e9nitude, car tout est r\u00e9ussi.<\/p>\n<p class=\"fig-paragraph\">Pour r\u00e9ussir un spectacle d\u2019op\u00e9ra, il faut unifier tant de param\u00e8tres \u2013 solistes, ch\u0153ur, orchestre, mise en sc\u00e8ne, sc\u00e9nographie \u2013 qu\u2019il est rare de sortir d\u2019une repr\u00e9sentation avec un sentiment d\u2019accomplissement. Quand c\u2019est le cas, rien n\u2019\u00e9quivaut \u00e0 l\u2019impression de pl\u00e9nitude qui vous envahit. Ce long pr\u00e9ambule pour vous dire que le sensationnel\u00a0<a href=\"https:\/\/www.lefigaro.fr\/musique\/2011\/04\/18\/03006-20110418ARTFIG00704--sweeney-todd-un-thriller-musical-au-chatelet.php\" data-fig-type=\"Article\" data-gtm-custom-categorie=\"navigation\" data-gtm-custom-action=\"crossclick\" data-gtm-custom-label=\"Contextuel\" data-gtm-event=\"customEventSPE\" data-fig-domain=\"LEFIGARO\" target=\"_blank\" rel=\"noopener\">Sweeney Todd\u00a0<\/a>de Stephen Sondheim pr\u00e9sent\u00e9 \u00e0 l\u2019Op\u00e9ra du Rhin rel\u00e8ve de l\u2019\u00e9vidence.<\/p>\n<p class=\"fig-paragraph\">L\u2019\u0153uvre, d\u2019abord. Alors qu\u2019il aurait pu appliquer des recettes qui ont fait leurs preuves,<a href=\"https:\/\/www.lefigaro.fr\/musique\/stephen-sondheim-la-derniere-legende-de-broadway-20211126\" data-fig-type=\"Article\" data-gtm-custom-categorie=\"navigation\" data-gtm-custom-action=\"crossclick\" data-gtm-custom-label=\"Contextuel\" data-gtm-event=\"customEventSPE\" data-fig-domain=\"LEFIGARO\" target=\"_blank\" rel=\"noopener\">\u00a0Stephen Sondheim<\/a>\u00a0fut un g\u00e9nie de la com\u00e9die musicale, car il se renouvelle \u00e0 chaque fois. Aucune de ses pi\u00e8ces ne se ressemble, mais Sweeney Todd, cr\u00e9\u00e9 en 1979, ne ressemble \u00e0 rien d\u2019autre. Il fallait oser faire une com\u00e9die musicale sur un tueur en s\u00e9rie, barbier qui \u00e9gorge ses clients avant que sa compagne passe leur chair au hachoir pour vendre les meilleures tourtes \u00e0 la viande de Londres\u00a0! L\u2019humour est noir, mais le sujet est tragique, car l\u2019id\u00e9e premi\u00e8re du barbier est de se venger d\u2019une injustice l\u2019ayant priv\u00e9 de sa famille et envoy\u00e9 au bagne. Un Comte de Monte-Cristo devenu Jack l\u2019\u00c9ventreur. Le tout sur fond de critique sociale, culminant sur un carnage\u00a0: pour le moins culott\u00e9, pour Broadway\u00a0!<\/p>\n<p>De l\u2019empathie pour les personnages<\/p>\n<p class=\"fig-paragraph\">Coproduit avec le Komische Oper de Berlin, le spectacle confirme le prodigieux sens du plateau du metteur en sc\u00e8ne Barrie Kosky. Contrairement \u00e0 la production de la cr\u00e9ation qui jouait la magnificence de la reconstitution du Londres de Dickens, Kosky opte pour un dispositif d\u00e9pouill\u00e9, permettant les changements de tableau \u00e0 vue sans arrimer l\u2019action \u00e0 un lieu et \u00e0 une \u00e9poque ais\u00e9ment identifiables. Il est vrai qu\u2019entre roman gothique et cin\u00e9ma expressionniste, l\u2019intrigue joue sur de multiples tableaux. Tout, d\u00e8s lors, repose sur les atmosph\u00e8res et surtout sur la pr\u00e9cision du rythme th\u00e9\u00e2tral, aussi millim\u00e9tr\u00e9 que l\u2019\u00e9criture musicale.<\/p>\n<p class=\"fig-body-link\">\n            \u00c0 lire aussi<br \/>\n        <a class=\"fig-body-link__link fig-premium-mark\" href=\"http:\/\/www.lefigaro.fr\/culture\/la-comedie-musicale-bernadette-de-lourdes-part-a-la-conquete-du-vatican-et-de-broadway-20241227\" data-fig-type=\"Article\" data-gtm-custom-categorie=\"navigation\" data-gtm-custom-action=\"crossclick\" data-gtm-custom-label=\"Contextuel\" data-gtm-event=\"customEventSPE\" data-fig-domain=\"LEFIGARO\" target=\"_blank\" rel=\"noopener\">La com\u00e9die musicale Bernadette de Lourdes part \u00e0 la conqu\u00eate du Vatican et de Broadway<br \/>\n    <\/a>\n<\/p>\n<p class=\"fig-paragraph\">On rit, plus souvent jaune qu\u2019\u00e0 gorge d\u00e9ploy\u00e9e, on a peur, on souffre\u00a0: Kosky nous m\u00e8ne par le bout du nez, un simple changement d\u2019\u00e9clairage faisant basculer la fable. Tout au plus peut-on lui reprocher de ne pas mettre davantage en relief la critique du capitalisme, mais elle ressort d\u00e9j\u00e0 bien assez du texte\u00a0! Et si le public applaudit \u00e0 tout rompre alors qu\u2019il vient d\u2019assister \u00e0 un spectacle plus sombre que bien des op\u00e9ras s\u00e9rieux, c\u2019est parce que le metteur en sc\u00e8ne a de l\u2019empathie pour ses personnages, et superpose \u00e0 leur c\u00f4t\u00e9 burlesque une dimension shakespearienne.<\/p>\n<p class=\"fig-paragraph\">Ce serait impossible sans des interpr\u00e8tes charismatiques. Shakespearien, on savait que le baryton Scott Hendricks l\u2019\u00e9tait depuis ses incarnations de Macbeth dans l\u2019op\u00e9ra de Verdi, et de Richard\u00a0III dans celui de Battistelli. Il est d\u00e9sormais un Sweeney Todd saisissant, \u00e0 la voix sombre et \u00e0 la diction tranchante, obs\u00e9d\u00e9 par la vengeance mais toujours capable d\u2019amour. Sa Mrs.\u00a0Lovett est\u00a0<a href=\"https:\/\/www.lefigaro.fr\/culture\/natalie-dessay-je-reve-de-moliere-ou-de-feydeau-20240425\" data-fig-type=\"Article\" data-gtm-custom-categorie=\"navigation\" data-gtm-custom-action=\"crossclick\" data-gtm-custom-label=\"Contextuel\" data-gtm-event=\"customEventSPE\" data-fig-domain=\"LEFIGARO\" target=\"_blank\" rel=\"noopener\">Natalie Dessay<\/a>, et c\u2019est peu dire qu\u2019elle nous a \u00e9poustoufl\u00e9s. Combien de fois n\u2019avons-nous pas \u00e9t\u00e9 d\u00e9\u00e7us par des artistes lyriques tentant une reconversion dans la com\u00e9die musicale\u00a0? Elle a compl\u00e8tement revu sa technique vocale pour ne plus \u00ab\u00a0sonner op\u00e9ra\u00a0\u00bb, et c\u2019est bluffant, jusqu\u2019\u00e0 ces raucit\u00e9s de poitrine plus vraies que nature. Mais ce ne serait rien sans sa pr\u00e9sence sc\u00e9nique et sa ma\u00eetrise du texte, irr\u00e9sistibles.<\/p>\n<p>Des harmonies complexes<\/p>\n<p class=\"fig-paragraph\">Le reste de la distribution a \u00e9t\u00e9 compos\u00e9 avec soin, comme l\u2019atteste la pr\u00e9sence de la Canadienne Jasmine Roy, sp\u00e9cialiste incontest\u00e9e de la com\u00e9die musicale et qui fait de chaque apparition de la mendiante un moment fort. Parfait en jeune premier, Noah Harrison rayonne litt\u00e9ralement dans le r\u00f4le de l\u2019amoureux Anthony Hope, la charmante\u00a0<a href=\"https:\/\/www.lefigaro.fr\/culture\/marie-oppert-la-melodie-des-talents-20220506\" data-fig-type=\"Article\" data-gtm-custom-categorie=\"navigation\" data-gtm-custom-action=\"crossclick\" data-gtm-custom-label=\"Contextuel\" data-gtm-event=\"customEventSPE\" data-fig-domain=\"LEFIGARO\" target=\"_blank\" rel=\"noopener\">Marie Oppert<\/a>\u00a0paraissant un peu mi\u00e8vre en Johanna. Zachary Altman semble se d\u00e9lecter \u00e0 incarner un salaud, le Juge Turpin, \u00e0 l\u2019origine de tous les malheurs du h\u00e9ros. Si Paul Curievici convainc plus par son jeu que par une voix limit\u00e9e, le jeune Cormac Diamond apporte une tr\u00e8s sinc\u00e8re touche d\u2019\u00e9motion au r\u00f4le de Tobias.<\/p>\n<p class=\"fig-body-link\">\n            \u00c0 lire aussi<br \/>\n        <a class=\"fig-body-link__link fig-premium-mark\" href=\"http:\/\/www.lefigaro.fr\/culture\/te-deum-pour-notre-dame-une-reflexion-musicale-sur-l-idee-de-feu-sacre-inspiree-par-l-incendie-20250613\" data-fig-type=\"Article\" data-gtm-custom-categorie=\"navigation\" data-gtm-custom-action=\"crossclick\" data-gtm-custom-label=\"Contextuel\" data-gtm-event=\"customEventSPE\" data-fig-domain=\"LEFIGARO\" target=\"_blank\" rel=\"noopener\">Te Deum pour Notre-Dame, une puissante r\u00e9flexion musicale sur le feu sacr\u00e9, inspir\u00e9e par l\u2019incendie<br \/>\n    <\/a>\n<\/p>\n<p class=\"fig-paragraph\">La composition des com\u00e9dies musicales de Stephen Sondheim est particuli\u00e8rement savante. \u00c0 plus forte raison dans Sweeney Todd, qui a pour particularit\u00e9 de compter tr\u00e8s peu de dialogues, et donc d\u2019\u00eatre mis en musique en continu, comme un op\u00e9ra. Sondheim parlait d\u2019une \u00ab\u00a0op\u00e9rette sombre\u00a0\u00bb. Les harmonies sont complexes et les rythmes changent constamment. Pour rendre justice \u00e0 cette complexit\u00e9, il faut un chef \u00e0 la ma\u00eetrise souveraine\u00a0: c\u2019est le Libanais Bassem Akiki qui s\u2019acquitte de cette t\u00e2che avec beaucoup d\u2019aisance, tant dans l\u2019exactitude rythmique que dans la souplesse qui permet de toujours coller au texte.<\/p>\n<p class=\"fig-paragraph\">L\u2019Orchestre philharmonique de Strasbourg a visiblement estim\u00e9 que ce n\u2019\u00e9tait pas d\u00e9choir que de descendre dans la fosse pour un musical. De fait, il rend toute justice \u00e0 l\u2019instrumentation de Jonathan Tunick, l\u2019orchestrateur attitr\u00e9 de Sondheim, d\u2019autant que la sonorisation est bien \u00e9quilibr\u00e9e, en tout cas lors de la repr\u00e9sentation du 19\u00a0juin. Quant au ch\u0153ur, il a un r\u00f4le tout \u00e0 fait particulier dans Sweeney Todd, puisqu\u2019il commente l\u2019action comme dans la trag\u00e9die grecque\u00a0: l\u2019occasion pour celui de l\u2019<a href=\"https:\/\/www.lefigaro.fr\/musique\/a-strasbourg-l-opera-national-du-rhin-va-faire-peau-neuve-20230302\" data-fig-type=\"Article\" data-gtm-custom-categorie=\"navigation\" data-gtm-custom-action=\"crossclick\" data-gtm-custom-label=\"Contextuel\" data-gtm-event=\"customEventSPE\" data-fig-domain=\"LEFIGARO\" target=\"_blank\" rel=\"noopener\">Op\u00e9ra national du Rhin<\/a>\u00a0de se couvrir de gloire, solistes et collectif (chef de ch\u0153ur\u00a0: Hendrik Haas). Un grand moment de th\u00e9\u00e2tre en musique.<\/p>\n<p class=\"fig-paragraph\">Sweeney Todd, \u00e0 Strasbourg jusqu\u2019au 24\u00a0juin, et \u00e0 Mulhouse les 5 et 6\u00a0juillet.<\/p>\n","protected":false},"excerpt":{"rendered":"CRITIQUE &#8211; Mise en sc\u00e8ne par Barrie Kosky, la com\u00e9die musicale de Stephen Sondheim provoque un sentiment de&hellip;\n","protected":false},"author":2,"featured_media":198238,"comment_status":"","ping_status":"","sticky":false,"template":"","format":"standard","meta":{"footnotes":""},"categories":[2820],"tags":[1111,11,2937,2932,2935,1696,2934,2933,1777,674,1011,27,775,873,2936,1698,12,25,11723,640],"class_list":{"0":"post-198237","1":"post","2":"type-post","3":"status-publish","4":"format-standard","5":"has-post-thumbnail","7":"category-strasbourg","8":"tag-actu","9":"tag-actualites","10":"tag-artistes","11":"tag-cd","12":"tag-chansons","13":"tag-chanteur","14":"tag-chason","15":"tag-dvd","16":"tag-eu","17":"tag-europe","18":"tag-fr","19":"tag-france","20":"tag-grand-est","21":"tag-musique","22":"tag-musique-classique","23":"tag-musiques","24":"tag-news","25":"tag-republique-francaise","26":"tag-stephen-sondheim","27":"tag-strasbourg"},"share_on_mastodon":{"url":"https:\/\/pubeurope.com\/@fr\/114732902838834599","error":""},"_links":{"self":[{"href":"https:\/\/www.europesays.com\/fr\/wp-json\/wp\/v2\/posts\/198237","targetHints":{"allow":["GET"]}}],"collection":[{"href":"https:\/\/www.europesays.com\/fr\/wp-json\/wp\/v2\/posts"}],"about":[{"href":"https:\/\/www.europesays.com\/fr\/wp-json\/wp\/v2\/types\/post"}],"author":[{"embeddable":true,"href":"https:\/\/www.europesays.com\/fr\/wp-json\/wp\/v2\/users\/2"}],"replies":[{"embeddable":true,"href":"https:\/\/www.europesays.com\/fr\/wp-json\/wp\/v2\/comments?post=198237"}],"version-history":[{"count":0,"href":"https:\/\/www.europesays.com\/fr\/wp-json\/wp\/v2\/posts\/198237\/revisions"}],"wp:featuredmedia":[{"embeddable":true,"href":"https:\/\/www.europesays.com\/fr\/wp-json\/wp\/v2\/media\/198238"}],"wp:attachment":[{"href":"https:\/\/www.europesays.com\/fr\/wp-json\/wp\/v2\/media?parent=198237"}],"wp:term":[{"taxonomy":"category","embeddable":true,"href":"https:\/\/www.europesays.com\/fr\/wp-json\/wp\/v2\/categories?post=198237"},{"taxonomy":"post_tag","embeddable":true,"href":"https:\/\/www.europesays.com\/fr\/wp-json\/wp\/v2\/tags?post=198237"}],"curies":[{"name":"wp","href":"https:\/\/api.w.org\/{rel}","templated":true}]}}