{"id":198239,"date":"2025-06-23T13:25:10","date_gmt":"2025-06-23T13:25:10","guid":{"rendered":"https:\/\/www.europesays.com\/fr\/198239\/"},"modified":"2025-06-23T13:25:10","modified_gmt":"2025-06-23T13:25:10","slug":"jusquen-septembre-il-est-desormais-interdit-de-stationner-dans-cette-rue-de-nice","status":"publish","type":"post","link":"https:\/\/www.europesays.com\/fr\/198239\/","title":{"rendered":"Jusqu&rsquo;en septembre, il est d\u00e9sormais interdit de stationner dans cette rue de Nice"},"content":{"rendered":"<p>Interdit de stationner dans la rue Moli\u00e8re, pr\u00e8s de La Lib\u00e9ration \u00e0 Nice. Et ce, jusqu\u2019en septembre. Des espaces restent, cependant, r\u00e9serv\u00e9s aux pi\u00e9tons. \u00c0 la suite d\u2019une fuite sur le r\u00e9seau d\u2019eau potable en juillet 2024, ayant provoqu\u00e9 l\u2019effondrement d\u2019une partie du trottoir et de la route, la seconde phase des travaux est lanc\u00e9e.<\/p>\n<p>Apr\u00e8s le d\u00e9placement des r\u00e9seaux (eau, \u00e9lectricit\u00e9 et gaz) les ouvriers s\u2019attellent d\u00e9sormais \u00e0 reconstruire le mur de sout\u00e8nement de la chauss\u00e9e. Celui-ci permettra de pr\u00e9venir les glissements de terrain et l\u2019\u00e9rosion. Pour mieux s\u00e9curiser la zone en pente, ce mur sera ancr\u00e9 sur des micropieux assurant une meilleure fixation dans le sol. <\/p>\n","protected":false},"excerpt":{"rendered":"Interdit de stationner dans la rue Moli\u00e8re, pr\u00e8s de La Lib\u00e9ration \u00e0 Nice. Et ce, jusqu\u2019en septembre. Des&hellip;\n","protected":false},"author":2,"featured_media":198240,"comment_status":"","ping_status":"","sticky":false,"template":"","format":"standard","meta":{"footnotes":""},"categories":[2819],"tags":[1111,11,1777,674,1011,27,12,2401,882,25,3366],"class_list":{"0":"post-198239","1":"post","2":"type-post","3":"status-publish","4":"format-standard","5":"has-post-thumbnail","7":"category-nice","8":"tag-actu","9":"tag-actualites","10":"tag-eu","11":"tag-europe","12":"tag-fr","13":"tag-france","14":"tag-news","15":"tag-nice","16":"tag-provence-alpes-cote-dazur","17":"tag-republique-francaise","18":"tag-vie-locale"},"share_on_mastodon":{"url":"https:\/\/pubeurope.com\/@fr\/114732906915260519","error":""},"_links":{"self":[{"href":"https:\/\/www.europesays.com\/fr\/wp-json\/wp\/v2\/posts\/198239","targetHints":{"allow":["GET"]}}],"collection":[{"href":"https:\/\/www.europesays.com\/fr\/wp-json\/wp\/v2\/posts"}],"about":[{"href":"https:\/\/www.europesays.com\/fr\/wp-json\/wp\/v2\/types\/post"}],"author":[{"embeddable":true,"href":"https:\/\/www.europesays.com\/fr\/wp-json\/wp\/v2\/users\/2"}],"replies":[{"embeddable":true,"href":"https:\/\/www.europesays.com\/fr\/wp-json\/wp\/v2\/comments?post=198239"}],"version-history":[{"count":0,"href":"https:\/\/www.europesays.com\/fr\/wp-json\/wp\/v2\/posts\/198239\/revisions"}],"wp:featuredmedia":[{"embeddable":true,"href":"https:\/\/www.europesays.com\/fr\/wp-json\/wp\/v2\/media\/198240"}],"wp:attachment":[{"href":"https:\/\/www.europesays.com\/fr\/wp-json\/wp\/v2\/media?parent=198239"}],"wp:term":[{"taxonomy":"category","embeddable":true,"href":"https:\/\/www.europesays.com\/fr\/wp-json\/wp\/v2\/categories?post=198239"},{"taxonomy":"post_tag","embeddable":true,"href":"https:\/\/www.europesays.com\/fr\/wp-json\/wp\/v2\/tags?post=198239"}],"curies":[{"name":"wp","href":"https:\/\/api.w.org\/{rel}","templated":true}]}}