{"id":19824,"date":"2025-04-12T12:56:17","date_gmt":"2025-04-12T12:56:17","guid":{"rendered":"https:\/\/www.europesays.com\/fr\/19824\/"},"modified":"2025-04-12T12:56:17","modified_gmt":"2025-04-12T12:56:17","slug":"le-grand-nimporte-quoi-des-reseaux-sociaux-2","status":"publish","type":"post","link":"https:\/\/www.europesays.com\/fr\/19824\/","title":{"rendered":"le grand n\u2019importe quoi des r\u00e9seaux sociaux"},"content":{"rendered":"<p>Les rookies ont pris cher. Ferrari a pris cher. Williams et Aston Martin ont surpris. Red Bull a assur\u00e9 gr\u00e2ce \u00e0 Maxou. Mercedes a r\u00e9alis\u00e9 un braquage. McLaren a montr\u00e9 qu\u2019il \u00e9tait le constructeur favori. Voil\u00e0 pour le r\u00e9sum\u00e9 tr\u00e8s flou de ce premier Grand Prix de l\u2019ann\u00e9e. L\u2019Australie a su nous offrir du grand spectacle, notamment gr\u00e2ce \u00e0 la pluie. Si on est triste pour Isack Hadjar, on est content de retrouver les tweets marrants du lundi.<\/p>\n<p>Lewis Hamilton qui d\u00e9couvre les ing\u00e9nieurs Ferrari :<\/p>\n<p>\u201cC\u2019est ici que je viens pour pleurer\u201d<\/p>\n<p>Russell qui c\u00e9l\u00e8bre son podium avec les derniers fans de Mercedes.\u201d<\/p>\n<p>Prochain Grand Prix, c\u2019est en Chine dimanche 23 mars \u00e0 08h00.<\/p>\n","protected":false},"excerpt":{"rendered":"Les rookies ont pris cher. Ferrari a pris cher. Williams et Aston Martin ont surpris. Red Bull a&hellip;\n","protected":false},"author":2,"featured_media":19825,"comment_status":"","ping_status":"","sticky":false,"template":"","format":"standard","meta":{"footnotes":""},"categories":[1412],"tags":[1451,1452,1453,1454,1455,1011,27,1305,60],"class_list":{"0":"post-19824","1":"post","2":"type-post","3":"status-publish","4":"format-standard","5":"has-post-thumbnail","7":"category-f1","8":"tag-f1","9":"tag-formula-1","10":"tag-formula1","11":"tag-formule-1","12":"tag-formule1","13":"tag-fr","14":"tag-france","15":"tag-lifestyle","16":"tag-sports"},"share_on_mastodon":{"url":"https:\/\/pubeurope.com\/@fr\/114325106567739741","error":""},"_links":{"self":[{"href":"https:\/\/www.europesays.com\/fr\/wp-json\/wp\/v2\/posts\/19824","targetHints":{"allow":["GET"]}}],"collection":[{"href":"https:\/\/www.europesays.com\/fr\/wp-json\/wp\/v2\/posts"}],"about":[{"href":"https:\/\/www.europesays.com\/fr\/wp-json\/wp\/v2\/types\/post"}],"author":[{"embeddable":true,"href":"https:\/\/www.europesays.com\/fr\/wp-json\/wp\/v2\/users\/2"}],"replies":[{"embeddable":true,"href":"https:\/\/www.europesays.com\/fr\/wp-json\/wp\/v2\/comments?post=19824"}],"version-history":[{"count":0,"href":"https:\/\/www.europesays.com\/fr\/wp-json\/wp\/v2\/posts\/19824\/revisions"}],"wp:featuredmedia":[{"embeddable":true,"href":"https:\/\/www.europesays.com\/fr\/wp-json\/wp\/v2\/media\/19825"}],"wp:attachment":[{"href":"https:\/\/www.europesays.com\/fr\/wp-json\/wp\/v2\/media?parent=19824"}],"wp:term":[{"taxonomy":"category","embeddable":true,"href":"https:\/\/www.europesays.com\/fr\/wp-json\/wp\/v2\/categories?post=19824"},{"taxonomy":"post_tag","embeddable":true,"href":"https:\/\/www.europesays.com\/fr\/wp-json\/wp\/v2\/tags?post=19824"}],"curies":[{"name":"wp","href":"https:\/\/api.w.org\/{rel}","templated":true}]}}