{"id":198253,"date":"2025-06-23T13:33:13","date_gmt":"2025-06-23T13:33:13","guid":{"rendered":"https:\/\/www.europesays.com\/fr\/198253\/"},"modified":"2025-06-23T13:33:13","modified_gmt":"2025-06-23T13:33:13","slug":"square-guesquiere-travaux-actualites","status":"publish","type":"post","link":"https:\/\/www.europesays.com\/fr\/198253\/","title":{"rendered":"Square Guesqui\u00e8re : travaux \/ Actualit\u00e9s"},"content":{"rendered":"<p>Les travaux du square Guesqui\u00e8re, poumon vert de Wazemmes, d\u00e9marrent \u00e0 la mi-2025 pour \u00eatre achev\u00e9s en fin d\u2019ann\u00e9e.\u00a0<\/p>\n<p>            <img loading=\"lazy\" decoding=\"async\" src=\"\/var\/www\/storage\/images\/mediatheque\/mairie-de-lille\/actualites\/images\/2025\/juin-2025\/square-guesquiere-perspective\/3795251-1-fre-FR\/Square-Guesquiere-perspective_news_image_top.jpg\" width=\"779\" height=\"516\" alt=\"\"\/><br \/>\n    \tSquare Guesqui\u00e8re : perspective (cr\u00e9dit Fran\u00e7ois Marcuz)<\/p>\n<p>Avec sa situation centrale, le square Ghesqui\u00e8re, simple lieu de passage jusqu&rsquo;ici, poss\u00e8de du potentiel. <strong>Implant\u00e9 entre la station de m\u00e9tro Wazemmes et la mairie de quartier, le plus grand square wazemmois<\/strong> (7 500m2) s\u2019appr\u00eate \u00e0 changer de visage. Fin 2025, il sera devenu un espace plus vert et propice \u00e0 la d\u00e9tente et aux jeux d\u2019enfants.<\/p>\n<p>Un lieu o\u00f9 l\u2019on a envie de venir ou de s\u2019arr\u00eater. Une large concertation a permis de dessiner le visage du <strong>nouveau square, qui sera cl\u00f4tur\u00e9<\/strong>. Le grand lin\u00e9aire de pelouse va laisser la place \u00e0 une s\u00e9rie d\u2019espaces diversifi\u00e9s. On y trouvera bien s\u00fbr des <strong>jeux<\/strong>. Trois des jeux existants, pl\u00e9biscit\u00e9s par les \u00e9coliers, sont conserv\u00e9s. Un <strong>tourniquet<\/strong> <strong>et un trampoline inclusifs<\/strong> (accessibles \u00e0 tous les enfants, porteurs ou pas d\u2019un handicap) sont ajout\u00e9s. Une structure de jeux g\u00e9ante \u00e9galement inclusive donnera une identit\u00e9 forte au square.<\/p>\n<p>            <img src-full=\"\/var\/www\/storage\/images\/mediatheque\/mairie-de-lille\/actualites\/images\/2025\/juin-2025\/square-guesquiere-perspective2\/3795255-1-fre-FR\/Square-Guesquiere-perspective.jpg\" data-caption-full=\"Square Guesqui\u00e8re : perspective (cr\u00e9dit Fran\u00e7ois Marcuz)\" width=\"465\" height=\"309\" alt=\"Square Guesqui\u00e8re : perspective\" title=\"Square Guesqui\u00e8re : perspective\" class=\"align-\"\/>\n    <\/p>\n<p><strong>Du c\u00f4t\u00e9 des v\u00e9g\u00e9taux, place \u00e0 la diversit\u00e9<\/strong>. Les arbres existants sont conserv\u00e9s et d\u2019autres sont plant\u00e9s. Les cerisiers d\u00e9j\u00e0 en place sont valoris\u00e9s et rejoints par des pommiers et poiriers. Une prairie fleurie occupe le centre du square. Des massifs, bulbes et arbustes favorisent la biodiversit\u00e9. En revanche, les bacs potagers d\u00e9m\u00e9nagent.<strong>\u00a0Pour apaiser l\u2019ensemble, la portion de rue entre la mairie de quartier et le square deviendra pi\u00e9tonne.<\/strong><\/p>\n<p>Un square durable avec le r\u00e9emploi des mat\u00e9riaux<\/p>\n<p>Le square actuel a \u00e9t\u00e9 imagin\u00e9 en 2005 par l\u2019agence Nord-Sud Paysage, puis r\u00e9am\u00e9nag\u00e9 en 2015. Il a \u00e9t\u00e9 pens\u00e9 dans un esprit de sobri\u00e9t\u00e9 et avec des marqueurs qui font son identit\u00e9, \u00e0 savoir ses bordures et murets en \u00e9l\u00e9ments en b\u00e9ton. Le projet de r\u00e9am\u00e9nagement conserve les \u00e9l\u00e9ments en bon \u00e9tat et pr\u00e9serve l\u2019esprit du projet de 2005, tout en l\u2019adaptant aux nouveaux enjeux et aux attentes exprim\u00e9es lors de la concertation.<\/p>\n<p>Une r\u00e9novation largement concert\u00e9e<\/p>\n<p>Ajout de nouveaux jeux dont un jeu majestueux et inclusif, s\u00e9curisation du square&#8230; Les am\u00e9nagements d\u00e9coulent du travail de concertation men\u00e9 par la Ville. Durant l\u2019ann\u00e9e 2024, les conseillers de quartier, le Conseil municipal d&rsquo;enfants et les riverains qui avaient manifest\u00e9 leur int\u00e9r\u00eat pour une requalification du site, se sont r\u00e9unis afin de penser les am\u00e9liorations du square.<\/p>\n","protected":false},"excerpt":{"rendered":"Les travaux du square Guesqui\u00e8re, poumon vert de Wazemmes, d\u00e9marrent \u00e0 la mi-2025 pour \u00eatre achev\u00e9s en fin&hellip;\n","protected":false},"author":2,"featured_media":198254,"comment_status":"","ping_status":"","sticky":false,"template":"","format":"standard","meta":{"footnotes":""},"categories":[2815],"tags":[1111,11,4763,1777,674,1011,27,811,1307,5415,12,25],"class_list":{"0":"post-198253","1":"post","2":"type-post","3":"status-publish","4":"format-standard","5":"has-post-thumbnail","7":"category-lille","8":"tag-actu","9":"tag-actualites","10":"tag-agenda","11":"tag-eu","12":"tag-europe","13":"tag-fr","14":"tag-france","15":"tag-hauts-de-france","16":"tag-lille","17":"tag-mairie","18":"tag-news","19":"tag-republique-francaise"},"share_on_mastodon":{"url":"https:\/\/pubeurope.com\/@fr\/114732938347828885","error":""},"_links":{"self":[{"href":"https:\/\/www.europesays.com\/fr\/wp-json\/wp\/v2\/posts\/198253","targetHints":{"allow":["GET"]}}],"collection":[{"href":"https:\/\/www.europesays.com\/fr\/wp-json\/wp\/v2\/posts"}],"about":[{"href":"https:\/\/www.europesays.com\/fr\/wp-json\/wp\/v2\/types\/post"}],"author":[{"embeddable":true,"href":"https:\/\/www.europesays.com\/fr\/wp-json\/wp\/v2\/users\/2"}],"replies":[{"embeddable":true,"href":"https:\/\/www.europesays.com\/fr\/wp-json\/wp\/v2\/comments?post=198253"}],"version-history":[{"count":0,"href":"https:\/\/www.europesays.com\/fr\/wp-json\/wp\/v2\/posts\/198253\/revisions"}],"wp:featuredmedia":[{"embeddable":true,"href":"https:\/\/www.europesays.com\/fr\/wp-json\/wp\/v2\/media\/198254"}],"wp:attachment":[{"href":"https:\/\/www.europesays.com\/fr\/wp-json\/wp\/v2\/media?parent=198253"}],"wp:term":[{"taxonomy":"category","embeddable":true,"href":"https:\/\/www.europesays.com\/fr\/wp-json\/wp\/v2\/categories?post=198253"},{"taxonomy":"post_tag","embeddable":true,"href":"https:\/\/www.europesays.com\/fr\/wp-json\/wp\/v2\/tags?post=198253"}],"curies":[{"name":"wp","href":"https:\/\/api.w.org\/{rel}","templated":true}]}}