{"id":198262,"date":"2025-06-23T13:38:13","date_gmt":"2025-06-23T13:38:13","guid":{"rendered":"https:\/\/www.europesays.com\/fr\/198262\/"},"modified":"2025-06-23T13:38:13","modified_gmt":"2025-06-23T13:38:13","slug":"spectacles-baignade-un-festival-pour-bien-commencer-lete-a-lyon","status":"publish","type":"post","link":"https:\/\/www.europesays.com\/fr\/198262\/","title":{"rendered":"Spectacles, baignade&#8230; un festival pour bien commencer l&rsquo;\u00e9t\u00e9 \u00e0 Lyon"},"content":{"rendered":"<p>Proposer un festival mettant en valeur l&rsquo;environnement, plus particuli\u00e8rement les <strong>eaux de Lyon<\/strong>, \u00e9tait l&rsquo;un des \u00ab\u00a0paris que la mairie s\u2019\u00e9tait lanc\u00e9e en d\u00e9but de mandat\u00a0\u00bb,\u00a0affirme <strong>Gr\u00e9gory Doucet<\/strong>, maire de Lyon. Ainsi est n\u00e9 le<strong> Festival entre Rh\u00f4ne et Sa\u00f4ne<\/strong>, initi\u00e9 par la majorit\u00e9 \u00e9cologiste en 2021. Un projet ambitieux, dont la devise perdure : d\u00e9couvrir, c\u00e9l\u00e9brer et prot\u00e9ger. Pour sa quatri\u00e8me \u00e9dition,\u00a0<strong>40 000 participants<\/strong> sont attendus du<strong> vendredi 27 au dimanche 29 juin 2025<\/strong>. <\/p>\n<p>Cette ann\u00e9e, la Ville de Lyon a d\u00e9bours\u00e9 <strong>300 000 euros<\/strong>, soit deux fois moins qu\u2019en 2024, pour l&rsquo;organisation de l&rsquo;\u00e9v\u00e9nement. Un financement r\u00e9vis\u00e9 pour faire face \u00e0 un <a href=\"https:\/\/mesinfos.fr\/69000-lyon\/lyon-budget-2025-pourquoi-certains-stationnements-devraient-bientot-augmenter-222523.html\" target=\"_blank\" rel=\"noopener\">budget municipal contraint<\/a>. Toutefois, le festival suscite toujours l&rsquo;int\u00e9r\u00eat des m\u00e9c\u00e8nes (240 partenaires pour 2025 contre 210 en 2024) ce qui lui permet de conserver son identit\u00e9, avec un <strong>programme toujours attrayant<\/strong>. <\/p>\n<p>Festival entre Rh\u00f4ne et Sa\u00f4ne : les grandes nouveaut\u00e9s pour 2025 <img decoding=\"async\" alt=\"\" class=\"img-size-limited\" data-zoomable=\"\" height=\"800\" loading=\"lazy\" src=\"https:\/\/www.europesays.com\/fr\/wp-content\/uploads\/2025\/06\/2025-dragon-credit-planete-vapeur.JPG\" width=\"1200\"\/> \u00a9 Plan\u00e8te vapeur &#8211; Quelques nouveaut\u00e9s font leur apparition au Festival entre Rh\u00f4ne et Sa\u00f4ne. <\/p>\n<p>Ce rendez-vous, pens\u00e9 par la <strong>Ville de Lyon<\/strong>, r\u00e9serve bien des surprises pour cette <strong>nouvelle \u00e9dition 2025<\/strong>. <a href=\"https:\/\/mesinfos.fr\/69000-lyon\/lyon-les-baignades-dans-le-rhone-repoussees-en-2025-202363.html\" target=\"_blank\" rel=\"noopener\">Apr\u00e8s l\u2019annulation de la baignade en 2024<\/a>, la mairie a opt\u00e9 pour une nouvelle attraction :<strong> la baignade d\u00e9rivante<\/strong>. Le dimanche 29 juin de 14h \u00e0 18h, les Lyonnais pourront se laisser d\u00e9river avec des <strong>bou\u00e9es sur le Rh\u00f4ne<\/strong>, sur une distance de 400 m\u00e8tres. Mais attention, gare \u00e0 la nouvelle M\u00e2checroute.<\/p>\n<p>La compagnie <strong>Plan\u00e8te vapeur<\/strong>, connue pour ses <strong>parades fantastiques <\/strong>et ses <strong>structures d\u00e9ambulatoires<\/strong>, assurera le nouveau visuel du monstre l\u00e9gendaire du Rh\u00f4ne. Une M\u00e2checroute, revisit\u00e9e sous la forme in\u00e9dite d\u2019un dragon, animera comme chaque ann\u00e9e le spectacle sur <strong>les berges de la Guilloti\u00e8re<\/strong>. Durant 30 minutes, elle surgira de l\u2019eau le vendredi 27 et le samedi 28 juin \u00e0 21h15. <\/p>\n<p>Autre moment attendu, Ondine \u00e0 la Guill\u2019, un pique-nique g\u00e9ant le vendredi de 19h \u00e0 23h30. Le repas est \u00e0 la charge des participants, mais le spot choisi sera id\u00e9al : vue imprenable sur la M\u00e2checroute et d\u00e9ambulation burlesque de la <strong>Compagnie Acidu<\/strong>, traitant de la discipline de la natation synchronis\u00e9e.<\/p>\n<p>Chacun des trois soirs sera anim\u00e9 par des guinguettes aux styles diff\u00e9rents pour le bonheur de toutes les oreilles. Et comme nouveaut\u00e9 2025 : un <strong>bal funk participatif<\/strong> organis\u00e9 le dimanche. <\/p>\n<p> Des activit\u00e9s pour d\u00e9couvrir les eaux du Rh\u00f4ne et de la Sa\u00f4ne <\/p>\n<p>Cette ann\u00e9e, la Ville de Lyon consacre une grande partie du festival \u00e0 c\u00e9l\u00e9brer les <strong>eaux<\/strong>, et notamment celle du <strong>Rh\u00f4ne<\/strong>, comme \u00e0 l\u2019\u00e9poque de la tradition franco-suisse lors de la f\u00eate du Rh\u00f4ne.<\/p>\n<p>Une conf\u00e9rence sur l<strong>\u2019hydrologie <\/strong>aura lieu \u00e0 l\u2019h\u00f4tel de ville pour l\u2019ouverture du festival. \u00ab\u00a0Le but \u00e9tant de reconna\u00eetre l\u2019importance du fleuve par son histoire pour mieux le pr\u00e9server \u00e0 l\u2019avenir\u00a0\u00bb, appuie le maire de Lyon. Le film Glacier, jusqu&rsquo;\u00e0 la source du Rh\u00f4ne sera \u00e9galement projet\u00e9. <\/p>\n<p>\u00c0 travers diff\u00e9rentes animations, les Lyonnais seront invit\u00e9s \u00e0 se reconnecter \u00e0 l\u2019or bleu : des<strong> balades sensorielles<\/strong>, des <strong>spectacles<\/strong>, des <strong>ateliers scientifiques <\/strong>pour les plus jeunes, des <strong>randonn\u00e9es en kayak<\/strong>, de <strong>l\u2019initiation \u00e0 la voile<\/strong>\u2026 et aussi une croisi\u00e8re pour d\u00e9couvrir de plus pr\u00e8s <a href=\"https:\/\/mesinfos.fr\/69000-lyon\/transport-fluvial-comment-cma-ggm-veut-faire-grandir-le-port-de-lyon-212752.html\" target=\"_blank\" rel=\"noopener\">le port Edouard-Herriot<\/a> gr\u00e2ce \u00e0 la Compagnie nationale du Rh\u00f4ne (CNR). Un \u00ab\u00a0atout du territoire trop m\u00e9connu\u00a0\u00bb, selon Gr\u00e9gory Doucet, qui souhaiterait lui redonner davantage de puissance dans les ann\u00e9es \u00e0 venir. <\/p>\n","protected":false},"excerpt":{"rendered":"Proposer un festival mettant en valeur l&rsquo;environnement, plus particuli\u00e8rement les eaux de Lyon, \u00e9tait l&rsquo;un des \u00ab\u00a0paris que&hellip;\n","protected":false},"author":2,"featured_media":198263,"comment_status":"","ping_status":"","sticky":false,"template":"","format":"standard","meta":{"footnotes":""},"categories":[1889],"tags":[1111,11,2430,1777,674,3337,33792,1011,27,2428,12,25,3291],"class_list":{"0":"post-198262","1":"post","2":"type-post","3":"status-publish","4":"format-standard","5":"has-post-thumbnail","7":"category-lyon","8":"tag-actu","9":"tag-actualites","10":"tag-auvergne-rhone-alpes","11":"tag-eu","12":"tag-europe","13":"tag-festivals","14":"tag-fleuve-rhu00f4ne","15":"tag-fr","16":"tag-france","17":"tag-lyon","18":"tag-news","19":"tag-republique-francaise","20":"tag-ville-de-lyon"},"share_on_mastodon":{"url":"https:\/\/pubeurope.com\/@fr\/114732958087998249","error":""},"_links":{"self":[{"href":"https:\/\/www.europesays.com\/fr\/wp-json\/wp\/v2\/posts\/198262","targetHints":{"allow":["GET"]}}],"collection":[{"href":"https:\/\/www.europesays.com\/fr\/wp-json\/wp\/v2\/posts"}],"about":[{"href":"https:\/\/www.europesays.com\/fr\/wp-json\/wp\/v2\/types\/post"}],"author":[{"embeddable":true,"href":"https:\/\/www.europesays.com\/fr\/wp-json\/wp\/v2\/users\/2"}],"replies":[{"embeddable":true,"href":"https:\/\/www.europesays.com\/fr\/wp-json\/wp\/v2\/comments?post=198262"}],"version-history":[{"count":0,"href":"https:\/\/www.europesays.com\/fr\/wp-json\/wp\/v2\/posts\/198262\/revisions"}],"wp:featuredmedia":[{"embeddable":true,"href":"https:\/\/www.europesays.com\/fr\/wp-json\/wp\/v2\/media\/198263"}],"wp:attachment":[{"href":"https:\/\/www.europesays.com\/fr\/wp-json\/wp\/v2\/media?parent=198262"}],"wp:term":[{"taxonomy":"category","embeddable":true,"href":"https:\/\/www.europesays.com\/fr\/wp-json\/wp\/v2\/categories?post=198262"},{"taxonomy":"post_tag","embeddable":true,"href":"https:\/\/www.europesays.com\/fr\/wp-json\/wp\/v2\/tags?post=198262"}],"curies":[{"name":"wp","href":"https:\/\/api.w.org\/{rel}","templated":true}]}}