{"id":198268,"date":"2025-06-23T13:41:12","date_gmt":"2025-06-23T13:41:12","guid":{"rendered":"https:\/\/www.europesays.com\/fr\/198268\/"},"modified":"2025-06-23T13:41:12","modified_gmt":"2025-06-23T13:41:12","slug":"de-2-a-6-milliards-les-jo-ont-coute-trois-fois-plus-cher-que-prevu-selon-la-cour-des-comptes-paris-2024-conteste","status":"publish","type":"post","link":"https:\/\/www.europesays.com\/fr\/198268\/","title":{"rendered":"De 2 \u00e0 6 milliards\u00a0: les JO ont co\u00fbt\u00e9 trois fois plus cher que pr\u00e9vu selon la Cour des comptes, Paris 2024 conteste"},"content":{"rendered":"<p class=\"paragraph text_align_left lp-f-body-02\">Pr\u00e9vue d\u00e9but juillet, la pr\u00e9sentation de la premi\u00e8re note d\u2019\u00e9tape du rapport de la Cour des comptes (attendu pour l\u2019automne) sur les d\u00e9penses publiques li\u00e9es aux <a href=\"https:\/\/www.leparisien.fr\/jo-paris-2024\/\" target=\"_blank\" rel=\"noreferrer noopener\">Jeux de 2024<\/a> &#8211; et que nous avons pu consulter en amont de son d\u00e9voilement officiel ce lundi matin &#8211; a \u00e9t\u00e9 avanc\u00e9e de quelques jours. Pour coller certainement \u00e0 la date symbolique du 23 juin, celle de la journ\u00e9e olympique et s\u2019assurer davantage de la visibilit\u00e9.<\/p>\n<p class=\"paragraph text_align_left lp-f-body-02\">D\u2019autant que si les rapporteurs soulignent le vrai succ\u00e8s des Jeux et la ma\u00eetrise globale des engagements de d\u00e9pense (le Cojo a d\u00e9gag\u00e9 un exc\u00e9dent de<a href=\"https:\/\/www.leparisien.fr\/sports\/JO\/jo-paris-2024-lexcedent-de-budget-grimpe-a-76-millions-deuros-une-aubaine-pour-le-sport-francais-09-06-2025-B3PYCP572FEUFHVFL7QHDBQDZ4.php\" target=\"_blank\" rel=\"noreferrer noopener\"> 76 millions d\u2019euros,<\/a> revers\u00e9s au sport fran\u00e7ais), ils ont plut\u00f4t eu la main lourde en comptabilisant des d\u00e9penses pas forc\u00e9ment directement li\u00e9es aux Jeux et qui du coup, alourdissent fortement la facture. \u00ab Ce qui fait peser un biais de perception sur la r\u00e9alit\u00e9 de l\u2019\u00e9v\u00e9nement \u00bb, estime Paris 2024.<\/p>\n","protected":false},"excerpt":{"rendered":"Pr\u00e9vue d\u00e9but juillet, la pr\u00e9sentation de la premi\u00e8re note d\u2019\u00e9tape du rapport de la Cour des comptes (attendu&hellip;\n","protected":false},"author":2,"featured_media":198269,"comment_status":"","ping_status":"","sticky":false,"template":"","format":"standard","meta":{"footnotes":""},"categories":[1888],"tags":[1111,1928,11,1927,1777,674,1011,27,12,1926,626,1925,5856,25,60],"class_list":{"0":"post-198268","1":"post","2":"type-post","3":"status-publish","4":"format-standard","5":"has-post-thumbnail","7":"category-paris","8":"tag-actu","9":"tag-actu-paris","10":"tag-actualites","11":"tag-actualites-paris","12":"tag-eu","13":"tag-europe","14":"tag-fr","15":"tag-france","16":"tag-news","17":"tag-news-paris","18":"tag-paris","19":"tag-paris-news","20":"tag-paris-2024","21":"tag-republique-francaise","22":"tag-sports"},"share_on_mastodon":{"url":"https:\/\/pubeurope.com\/@fr\/114732969739517945","error":""},"_links":{"self":[{"href":"https:\/\/www.europesays.com\/fr\/wp-json\/wp\/v2\/posts\/198268","targetHints":{"allow":["GET"]}}],"collection":[{"href":"https:\/\/www.europesays.com\/fr\/wp-json\/wp\/v2\/posts"}],"about":[{"href":"https:\/\/www.europesays.com\/fr\/wp-json\/wp\/v2\/types\/post"}],"author":[{"embeddable":true,"href":"https:\/\/www.europesays.com\/fr\/wp-json\/wp\/v2\/users\/2"}],"replies":[{"embeddable":true,"href":"https:\/\/www.europesays.com\/fr\/wp-json\/wp\/v2\/comments?post=198268"}],"version-history":[{"count":0,"href":"https:\/\/www.europesays.com\/fr\/wp-json\/wp\/v2\/posts\/198268\/revisions"}],"wp:featuredmedia":[{"embeddable":true,"href":"https:\/\/www.europesays.com\/fr\/wp-json\/wp\/v2\/media\/198269"}],"wp:attachment":[{"href":"https:\/\/www.europesays.com\/fr\/wp-json\/wp\/v2\/media?parent=198268"}],"wp:term":[{"taxonomy":"category","embeddable":true,"href":"https:\/\/www.europesays.com\/fr\/wp-json\/wp\/v2\/categories?post=198268"},{"taxonomy":"post_tag","embeddable":true,"href":"https:\/\/www.europesays.com\/fr\/wp-json\/wp\/v2\/tags?post=198268"}],"curies":[{"name":"wp","href":"https:\/\/api.w.org\/{rel}","templated":true}]}}