{"id":198270,"date":"2025-06-23T13:42:12","date_gmt":"2025-06-23T13:42:12","guid":{"rendered":"https:\/\/www.europesays.com\/fr\/198270\/"},"modified":"2025-06-23T13:42:12","modified_gmt":"2025-06-23T13:42:12","slug":"panne-delectricite-au-palais-de-justice-la-forte-chaleur-mise-en-cause","status":"publish","type":"post","link":"https:\/\/www.europesays.com\/fr\/198270\/","title":{"rendered":"Panne d\u2019\u00e9lectricit\u00e9 au palais de justice, la forte chaleur mise en cause"},"content":{"rendered":"<p><strong>coup de chaud &#8211; Une coupure d\u2019\u00e9lectricit\u00e9 touche le palais de justice de Paris depuis ce lundi matin. Elle serait due aux fortes chaleurs de ces derniers jours<\/strong><\/p>\n<p>C\u2019est une coupure d\u2019\u00e9lectricit\u00e9 \u00ab\u00a0massive\u00a0\u00bb qui paralyse depuis lundi matin le palais de <a href=\"https:\/\/www.20minutes.fr\/justice\/?at_medium=RSS%20feed&amp;at_campaign=ynews&amp;utm_source=yahoo&amp;utm_medium=rss&amp;utm_campaign=news_feed&amp;utm_content=in_article_link\" rel=\"nofollow noopener\" target=\"_blank\" data-ylk=\"slk:justice;elm:context_link;itc:0;sec:content-canvas\" class=\"link \">justice <\/a>historique de <a href=\"https:\/\/www.20minutes.fr\/paris\/?at_medium=RSS%20feed&amp;at_campaign=ynews&amp;utm_source=yahoo&amp;utm_medium=rss&amp;utm_campaign=news_feed&amp;utm_content=in_article_link\" rel=\"nofollow noopener\" target=\"_blank\" data-ylk=\"slk:Paris;elm:context_link;itc:0;sec:content-canvas\" class=\"link \">Paris<\/a>, ainsi que le tribunal des activit\u00e9s \u00e9conomiques (anciennement tribunal de commerce), situ\u00e9s sur l\u2019\u00eele de la Cit\u00e9. La cause du probl\u00e8me se trouverait dans \u00ab\u00a0l\u2019\u00e9pisode exceptionnel de <a href=\"https:\/\/www.20minutes.fr\/dossier\/canicule?at_medium=RSS%20feed&amp;at_campaign=ynews&amp;utm_source=yahoo&amp;utm_medium=rss&amp;utm_campaign=news_feed&amp;utm_content=in_article_link\" rel=\"nofollow noopener\" target=\"_blank\" data-ylk=\"slk:fortes chaleurs;elm:context_link;itc:0;sec:content-canvas\" class=\"link \">fortes chaleurs<\/a> ces derniers jours\u00a0\u00bb, a indiqu\u00e9 \u00e0 l\u2019AFP le gestionnaire du r\u00e9seau de distribution d\u2019\u00e9lectricit\u00e9, Enedis.<\/p>\n<p>Selon un communiqu\u00e9 publi\u00e9 \u00e0 la mi-journ\u00e9e, un \u00ab\u00a0plan de continuation de l\u2019activit\u00e9 juridictionnelle\u00a0\u00bb a \u00e9t\u00e9 mis en \u0153uvre. Ce qui n\u2019emp\u00eache pas cette coupure de fortement perturber les proc\u00e8s en cours.<\/p>\n<p>Des audiences d\u00e9localis\u00e9es<\/p>\n<p>\u00ab\u00a0L\u2019ensemble des audiences concernant la privation de libert\u00e9 sera maintenu. Certaines ont d\u00e9j\u00e0 \u00e9t\u00e9 d\u00e9localis\u00e9es dans d\u2019autres enceintes judiciaires\u00a0\u00bb, pr\u00e9cise n\u00e9anmoins la cour d\u2019appel, qui ajoute que l\u2019acc\u00e8s au palais est \u00ab\u00a0limit\u00e9 aux seules n\u00e9cessit\u00e9s de l\u2019activit\u00e9 judiciaire\u00a0\u00bb. Dans la matin\u00e9e, le barreau de Paris avait indiqu\u00e9 sur X que les \u00ab\u00a0audiences d\u2019urgence, notamment celles relatives \u00e0 l\u2019hospitalisation d\u2019office et au contentieux des \u00e9trangers\u00a0\u00bb \u00e9taient \u00ab\u00a0transf\u00e9r\u00e9es provisoirement au Conseil de prud\u2019hommes de Paris\u00a0\u00bb.<\/p>\n<p>La coupure touche \u00e9galement la Pr\u00e9fecture de police et la maison des avocats, selon Enedis, qui ajoute \u00eatre en lien \u00e9troit avec ces \u00e9tablissements, \u00ab\u00a0qui seront r\u00e9aliment\u00e9s une fois les r\u00e9parations r\u00e9alis\u00e9es\u00a0\u00bb. Quelque 1.400 clients sont priv\u00e9s d\u2019\u00e9lectricit\u00e9, selon la m\u00eame source, qui a indiqu\u00e9 que \u00ab\u00a0trois grou(&#8230;)<\/p>\n<p><a href=\"https:\/\/www.20minutes.fr\/paris\/4159962-20250623-paris-panne-electricite-palais-justice-forte-chaleur-mise-cause?at_medium=RSS%20feed&amp;at_campaign=ynews&amp;utm_source=yahoo&amp;utm_medium=rss&amp;utm_campaign=news_feed&amp;utm_content=read_more_link&quot;\" rel=\"nofollow noopener\" target=\"_blank\" data-ylk=\"slk:Lire la suite sur 20minutes;elm:context_link;itc:0;sec:content-canvas\" class=\"link \">Lire la suite sur 20minutes<\/a><\/p>\n<p>\u00c0 lire aussi :<br \/><a href=\"https:\/\/www.20minutes.fr\/planete\/canicule\/4159899-20250623-canicule-rhone-isere-toujours-vigilance-orange-mardi-vague-chaleur-poursuit-sud?at_medium=RSS%20feed&amp;at_campaign=ynews&amp;utm_source=yahoo&amp;utm_medium=rss&amp;utm_campaign=news_feed&amp;utm_content=related_content_link\" rel=\"nofollow noopener\" target=\"_blank\" data-ylk=\"slk:Canicule\u00a0: Le Rh\u00f4ne et l\u2019Is\u00e8re toujours vigilance orange ce mardi, la vague de chaleur se poursuit dans le Sud;elm:context_link;itc:0;sec:content-canvas\" class=\"link \">Canicule\u00a0: Le Rh\u00f4ne et l\u2019Is\u00e8re toujours vigilance orange ce mardi, la vague de chaleur se poursuit dans le Sud<\/a><br \/><a href=\"https:\/\/www.20minutes.fr\/planete\/canicule\/4159751-20250621-episode-chaleur-france-pourrait-avoir-impact-parc-nucleaire?at_medium=RSS%20feed&amp;at_campaign=ynews&amp;utm_source=yahoo&amp;utm_medium=rss&amp;utm_campaign=news_feed&amp;utm_content=related_content_link\" rel=\"nofollow noopener\" target=\"_blank\" data-ylk=\"slk:L\u2019\u00e9pisode de chaleur en France pourrait avoir un impact sur le parc nucl\u00e9aire;elm:context_link;itc:0;sec:content-canvas\" class=\"link \">L\u2019\u00e9pisode de chaleur en France pourrait avoir un impact sur le parc nucl\u00e9aire<\/a><\/p>\n","protected":false},"excerpt":{"rendered":"coup de chaud &#8211; Une coupure d\u2019\u00e9lectricit\u00e9 touche le palais de justice de Paris depuis ce lundi matin.&hellip;\n","protected":false},"author":2,"featured_media":198271,"comment_status":"","ping_status":"","sticky":false,"template":"","format":"standard","meta":{"footnotes":""},"categories":[1888],"tags":[1111,1928,11,1927,1777,674,1011,27,33793,4907,29637,12,1926,22089,626,1925,33794,25],"class_list":{"0":"post-198270","1":"post","2":"type-post","3":"status-publish","4":"format-standard","5":"has-post-thumbnail","7":"category-paris","8":"tag-actu","9":"tag-actu-paris","10":"tag-actualites","11":"tag-actualites-paris","12":"tag-eu","13":"tag-europe","14":"tag-fr","15":"tag-france","16":"tag-gestionnaire-du-reseau-de-distribution","17":"tag-lile-de-la-cite","18":"tag-lundi-matin","19":"tag-news","20":"tag-news-paris","21":"tag-palais-de-justice-de-paris","22":"tag-paris","23":"tag-paris-news","24":"tag-proces-en-cours","25":"tag-republique-francaise"},"share_on_mastodon":{"url":"https:\/\/pubeurope.com\/@fr\/114732973653155409","error":""},"_links":{"self":[{"href":"https:\/\/www.europesays.com\/fr\/wp-json\/wp\/v2\/posts\/198270","targetHints":{"allow":["GET"]}}],"collection":[{"href":"https:\/\/www.europesays.com\/fr\/wp-json\/wp\/v2\/posts"}],"about":[{"href":"https:\/\/www.europesays.com\/fr\/wp-json\/wp\/v2\/types\/post"}],"author":[{"embeddable":true,"href":"https:\/\/www.europesays.com\/fr\/wp-json\/wp\/v2\/users\/2"}],"replies":[{"embeddable":true,"href":"https:\/\/www.europesays.com\/fr\/wp-json\/wp\/v2\/comments?post=198270"}],"version-history":[{"count":0,"href":"https:\/\/www.europesays.com\/fr\/wp-json\/wp\/v2\/posts\/198270\/revisions"}],"wp:featuredmedia":[{"embeddable":true,"href":"https:\/\/www.europesays.com\/fr\/wp-json\/wp\/v2\/media\/198271"}],"wp:attachment":[{"href":"https:\/\/www.europesays.com\/fr\/wp-json\/wp\/v2\/media?parent=198270"}],"wp:term":[{"taxonomy":"category","embeddable":true,"href":"https:\/\/www.europesays.com\/fr\/wp-json\/wp\/v2\/categories?post=198270"},{"taxonomy":"post_tag","embeddable":true,"href":"https:\/\/www.europesays.com\/fr\/wp-json\/wp\/v2\/tags?post=198270"}],"curies":[{"name":"wp","href":"https:\/\/api.w.org\/{rel}","templated":true}]}}