{"id":19828,"date":"2025-04-12T12:58:09","date_gmt":"2025-04-12T12:58:09","guid":{"rendered":"https:\/\/www.europesays.com\/fr\/19828\/"},"modified":"2025-04-12T12:58:09","modified_gmt":"2025-04-12T12:58:09","slug":"le-vestiaire-du-real-enquete-sur-la-defaite-contre-arsenal","status":"publish","type":"post","link":"https:\/\/www.europesays.com\/fr\/19828\/","title":{"rendered":"Le vestiaire du Real enqu\u00eate sur la d\u00e9faite contre Arsenal"},"content":{"rendered":"<p data-testid=\"article-teaser\" class=\"article_teaser__rjxUK\">Le Real Madrid aurait tenu une r\u00e9union sur leur performance d\u00e9plorable contre Arsenal, cherchant \u00e0 trouver la cl\u00e9 pour un retour en force.<\/p>\n<p style=\"display:none\">Article continues below<\/p>\n<p style=\"display:none\">Article continues below<\/p>\n<p style=\"display:none\">Article continues below<\/p>\n<p>L&rsquo;article continue ci-dessous<\/p>\n<ul>\n<li>Real Madrid tient une enqu\u00eate sur la d\u00e9faite contre Arsenal<\/li>\n<li>Valverde pense que le Real Madrid n&rsquo;a pas su r\u00e9agir<\/li>\n<li>Vinicius et Mbappe r\u00e9v\u00e8lent la cl\u00e9 du retour<\/li>\n<\/ul>\n","protected":false},"excerpt":{"rendered":"Le Real Madrid aurait tenu une r\u00e9union sur leur performance d\u00e9plorable contre Arsenal, cherchant \u00e0 trouver la cl\u00e9&hellip;\n","protected":false},"author":2,"featured_media":19829,"comment_status":"","ping_status":"","sticky":false,"template":"","format":"standard","meta":{"footnotes":""},"categories":[1410],"tags":[5357,5527,63,1011,27,7646,6477,447,4790,7647,60],"class_list":{"0":"post-19828","1":"post","2":"type-post","3":"status-publish","4":"format-standard","5":"has-post-thumbnail","7":"category-football","8":"tag-arsenal","9":"tag-arsenal-vs-real-madrid","10":"tag-football","11":"tag-fr","12":"tag-france","13":"tag-j-bellingham","14":"tag-kylian-mbappe","15":"tag-ligue-des-champions","16":"tag-real-madrid","17":"tag-real-madrid-vs-arsenal","18":"tag-sports"},"share_on_mastodon":{"url":"https:\/\/pubeurope.com\/@fr\/114325114695172308","error":""},"_links":{"self":[{"href":"https:\/\/www.europesays.com\/fr\/wp-json\/wp\/v2\/posts\/19828","targetHints":{"allow":["GET"]}}],"collection":[{"href":"https:\/\/www.europesays.com\/fr\/wp-json\/wp\/v2\/posts"}],"about":[{"href":"https:\/\/www.europesays.com\/fr\/wp-json\/wp\/v2\/types\/post"}],"author":[{"embeddable":true,"href":"https:\/\/www.europesays.com\/fr\/wp-json\/wp\/v2\/users\/2"}],"replies":[{"embeddable":true,"href":"https:\/\/www.europesays.com\/fr\/wp-json\/wp\/v2\/comments?post=19828"}],"version-history":[{"count":0,"href":"https:\/\/www.europesays.com\/fr\/wp-json\/wp\/v2\/posts\/19828\/revisions"}],"wp:featuredmedia":[{"embeddable":true,"href":"https:\/\/www.europesays.com\/fr\/wp-json\/wp\/v2\/media\/19829"}],"wp:attachment":[{"href":"https:\/\/www.europesays.com\/fr\/wp-json\/wp\/v2\/media?parent=19828"}],"wp:term":[{"taxonomy":"category","embeddable":true,"href":"https:\/\/www.europesays.com\/fr\/wp-json\/wp\/v2\/categories?post=19828"},{"taxonomy":"post_tag","embeddable":true,"href":"https:\/\/www.europesays.com\/fr\/wp-json\/wp\/v2\/tags?post=19828"}],"curies":[{"name":"wp","href":"https:\/\/api.w.org\/{rel}","templated":true}]}}