{"id":198282,"date":"2025-06-23T13:48:10","date_gmt":"2025-06-23T13:48:10","guid":{"rendered":"https:\/\/www.europesays.com\/fr\/198282\/"},"modified":"2025-06-23T13:48:10","modified_gmt":"2025-06-23T13:48:10","slug":"londres-va-interdire-le-groupe-palestine-action-dans-le-cadre-de-la-legislation-antiterroriste","status":"publish","type":"post","link":"https:\/\/www.europesays.com\/fr\/198282\/","title":{"rendered":"Londres va interdire le groupe Palestine Action dans le cadre de la l\u00e9gislation antiterroriste"},"content":{"rendered":"<p>Une proposition sera soumise au Parlement lundi prochain, a indiqu\u00e9 la ministre Yvette Cooper dans une d\u00e9claration \u00e9crite \u00e0 la chambre des Communes, d\u00e9non\u00e7ant une \u00ablongue histoire de d\u00e9gradations volontaires inacceptables\u00bb.<\/p>\n<p class=\"fig-paragraph\">R\u00e9ponse gouvernementale. La ministre britannique de l&rsquo;Int\u00e9rieur a annonc\u00e9 ce lundi son intention d&rsquo;interdire le groupe\u00a0<a href=\"http:\/\/www.lefigaro.fr\/actualite-france\/la-ceremonie-de-remise-des-diplomes-de-l-essec-perturbee-par-une-action-pour-la-palestine-20240603\" data-fig-type=\"Article\" data-gtm-custom-categorie=\"navigation\" data-gtm-custom-action=\"crossclick\" data-gtm-custom-label=\"Contextuel\" data-gtm-event=\"customEventSPE\" data-fig-domain=\"LEFIGARO\" target=\"_blank\" rel=\"noopener\">Palestine Action<\/a>\u00a0dans le cadre de la l\u00e9gislation antiterroriste, quelques jours apr\u00e8s des\u00a0<a href=\"http:\/\/www.lefigaro.fr\/international\/royaume-uni-deux-avions-militaires-degrades-par-des-militants-propalestiniens-sur-une-base-aerienne-20250620\" data-fig-type=\"NewsFlash\" data-gtm-custom-categorie=\"navigation\" data-gtm-custom-action=\"crossclick\" data-gtm-custom-label=\"Contextuel\" data-gtm-event=\"customEventSPE\" data-fig-domain=\"LEFIGARO\" target=\"_blank\" rel=\"noopener\">d\u00e9gradations\u00a0<\/a>commises par plusieurs militants sur des avions d&rsquo;une base de la Royal Air Force.<\/p>\n<p class=\"fig-paragraph\">Une proposition sera soumise au Parlement lundi prochain, a indiqu\u00e9 la ministre Yvette Cooper dans une d\u00e9claration \u00e9crite \u00e0 la chambre des Communes, d\u00e9non\u00e7ant une \u00ablongue histoire de d\u00e9gradations volontaires inacceptables\u00bb. \u00abDepuis sa cr\u00e9ation en 2020, Palestine Action a orchestr\u00e9 une campagne nationale d\u2019actions criminelles directes contre des entreprises et des institutions, dont les principales entreprises nationales d\u2019infrastructure et de d\u00e9fense\u00bb, a-t-elle d\u00e9taill\u00e9, citant une action contre un site du Fran\u00e7ais\u00a0<a href=\"http:\/\/www.lefigaro.fr\/economie\/guerre-des-mines-robotisee-thales-decroche-un-premier-contrat-a-l-international-20250519\" data-fig-type=\"Article\" data-gtm-custom-categorie=\"navigation\" data-gtm-custom-action=\"crossclick\" data-gtm-custom-label=\"Contextuel\" data-gtm-event=\"customEventSPE\" data-fig-domain=\"LEFIGARO\" target=\"_blank\" rel=\"noopener\">Thales\u00a0<\/a>\u00e0 Glasgow en 2022 et un autre de l\u2019entreprise d\u2019armement isra\u00e9lienne Elbit Systems \u00e0 Bristol l\u2019an dernier.<\/p>\n<p>Un \u00abacte de vandalisme (\u2026) scandaleux\u00bb<\/p>\n<p class=\"fig-paragraph\">Ces actions se sont accentu\u00e9es \u00abdepuis d\u00e9but 2024\u00bb et les m\u00e9thodes du groupe \u00absont devenues plus agressives\u00bb, a insist\u00e9 la ministre. Dans la perspective de cette annonce attendue, plusieurs centaines de personnes s\u2019\u00e9taient rassembl\u00e9es lundi \u00e0 la mi-journ\u00e9e dans le centre de Londres pour soutenir Palestine Action. Trois personnes ont \u00e9t\u00e9 arr\u00eat\u00e9es, selon la police. Cr\u00e9\u00e9 par deux militants propalestiniens Huda Ammori et Richard Barnard, Palestine Action se pr\u00e9sente sur son site internet comme un groupe d\u2019action directe \u00abengag\u00e9 pour mettre fin aux contributions mondiales au\u00a0<a href=\"http:\/\/www.lefigaro.fr\/flash-actu\/des-dizaines-de-milliers-de-manifestants-denoncent-un-genocide-a-gaza-en-defilant-a-la-haye-et-bruxelles-20250615\" data-fig-type=\"NewsFlash\" data-gtm-custom-categorie=\"navigation\" data-gtm-custom-action=\"crossclick\" data-gtm-custom-label=\"Contextuel\" data-gtm-event=\"customEventSPE\" data-fig-domain=\"LEFIGARO\" target=\"_blank\" rel=\"noopener\">r\u00e9gime g\u00e9nocidaire\u00a0<\/a> et d\u2019apartheid d\u2019Isra\u00ebl\u00bb.<\/p>\n<p class=\"fig-paragraph\">Il revendique cibler les entreprises isra\u00e9liennes de d\u00e9fense et celles d\u2019autres pays engag\u00e9es avec l\u2019arm\u00e9e isra\u00e9lienne. La semaine derni\u00e8re, des militants du groupe ont p\u00e9n\u00e9tr\u00e9 la base de Brize Norton, la plus importante de l\u2019arm\u00e9e de l\u2019air britannique au Royaume-Uni, et endommag\u00e9 des avions militaires. Le premier ministre Keir Starmer a d\u00e9nonc\u00e9 un \u00abacte de vandalisme (\u2026) scandaleux\u00bb.<\/p>\n<p>En attente de proc\u00e8s<\/p>\n<p class=\"fig-paragraph\">En mars, des membres du groupe s\u2019en \u00e9taient pris \u00e0 un\u00a0<a href=\"http:\/\/www.lefigaro.fr\/international\/ecosse-un-golf-appartenant-a-donald-trump-vandalise-par-des-militants-pro-palestiniens-20250308\" data-fig-type=\"NewsFlash\" data-gtm-custom-categorie=\"navigation\" data-gtm-custom-action=\"crossclick\" data-gtm-custom-label=\"Contextuel\" data-gtm-event=\"customEventSPE\" data-fig-domain=\"LEFIGARO\" target=\"_blank\" rel=\"noopener\">golf appartenant au pr\u00e9sident am\u00e9ricain Donald Trump<\/a>, dans le sud-ouest de l\u2019\u00c9cosse. L\u2019an dernier, le groupe a aussi d\u00e9rob\u00e9 deux bustes du premier pr\u00e9sident d\u2019Isra\u00ebl sur le site de l\u2019universit\u00e9 de Manchester. Richard Barnard, l\u2019un des deux cofondateurs de Palestine Action, est actuellement poursuivi pour soutien au Hamas, organisation d\u00e9sign\u00e9e comme terroriste au Royaume-Uni.<\/p>\n<p class=\"fig-paragraph\">\u00abDe nombreux\u00bb autres membres du groupe sont actuellement dans l\u2019attente de leur proc\u00e8s, a indiqu\u00e9 dimanche le chef de la Metropolitan Police, Mark Rowley. Il avait annonc\u00e9 avoir \u00abpr\u00e9sent\u00e9 au gouvernement les bases op\u00e9rationnelles sur lesquelles envisager l\u2019interdiction\u00bb de Palestine Action, qu\u2019il pr\u00e9sentait comme \u00abun groupe criminel organis\u00e9 et extr\u00e9miste\u00bb.<\/p>\n","protected":false},"excerpt":{"rendered":"Une proposition sera soumise au Parlement lundi prochain, a indiqu\u00e9 la ministre Yvette Cooper dans une d\u00e9claration \u00e9crite&hellip;\n","protected":false},"author":2,"featured_media":198283,"comment_status":"","ping_status":"","sticky":false,"template":"","format":"standard","meta":{"footnotes":""},"categories":[1588],"tags":[259,11,260,1777,674,8205,14,14027,261,12,3518,262,473,1853,1851,1850,1852],"class_list":{"0":"post-198282","1":"post","2":"type-post","3":"status-publish","4":"format-standard","5":"has-post-thumbnail","7":"category-royaume-uni","8":"tag-actualite-internationale","9":"tag-actualites","10":"tag-affaires-etrangeres","11":"tag-eu","12":"tag-europe","13":"tag-interdiction","14":"tag-international","15":"tag-militants","16":"tag-ministere-des-affaires-etrangeres","17":"tag-news","18":"tag-palestine","19":"tag-politique-etrangere","20":"tag-royaume-uni","21":"tag-royaume-uni-de-grande-bretagne-et-dirlande-du-nord","22":"tag-uk","23":"tag-united-kingdom","24":"tag-united-kingdom-of-great-britain-and-northern-ireland"},"share_on_mastodon":{"url":"https:\/\/pubeurope.com\/@fr\/114732997294713185","error":""},"_links":{"self":[{"href":"https:\/\/www.europesays.com\/fr\/wp-json\/wp\/v2\/posts\/198282","targetHints":{"allow":["GET"]}}],"collection":[{"href":"https:\/\/www.europesays.com\/fr\/wp-json\/wp\/v2\/posts"}],"about":[{"href":"https:\/\/www.europesays.com\/fr\/wp-json\/wp\/v2\/types\/post"}],"author":[{"embeddable":true,"href":"https:\/\/www.europesays.com\/fr\/wp-json\/wp\/v2\/users\/2"}],"replies":[{"embeddable":true,"href":"https:\/\/www.europesays.com\/fr\/wp-json\/wp\/v2\/comments?post=198282"}],"version-history":[{"count":0,"href":"https:\/\/www.europesays.com\/fr\/wp-json\/wp\/v2\/posts\/198282\/revisions"}],"wp:featuredmedia":[{"embeddable":true,"href":"https:\/\/www.europesays.com\/fr\/wp-json\/wp\/v2\/media\/198283"}],"wp:attachment":[{"href":"https:\/\/www.europesays.com\/fr\/wp-json\/wp\/v2\/media?parent=198282"}],"wp:term":[{"taxonomy":"category","embeddable":true,"href":"https:\/\/www.europesays.com\/fr\/wp-json\/wp\/v2\/categories?post=198282"},{"taxonomy":"post_tag","embeddable":true,"href":"https:\/\/www.europesays.com\/fr\/wp-json\/wp\/v2\/tags?post=198282"}],"curies":[{"name":"wp","href":"https:\/\/api.w.org\/{rel}","templated":true}]}}