{"id":198285,"date":"2025-06-23T13:50:08","date_gmt":"2025-06-23T13:50:08","guid":{"rendered":"https:\/\/www.europesays.com\/fr\/198285\/"},"modified":"2025-06-23T13:50:08","modified_gmt":"2025-06-23T13:50:08","slug":"sur-liran-leurope-est-reduite-au-rang-de-spectatrice-impuissante","status":"publish","type":"post","link":"https:\/\/www.europesays.com\/fr\/198285\/","title":{"rendered":"sur l\u2019Iran, l\u2019Europe est r\u00e9duite au rang de \u201cspectatrice impuissante\u201d"},"content":{"rendered":"\n<p>\u00a0\u201cL\u2019Europe est sous le choc\u201d, <a href=\"https:\/\/www.dw.com\/en\/eu-renews-call-for-diplomacy-after-us-strikes-on-iran\/video-73000212\" rel=\"nofollow noopener\" target=\"_blank\">assure la <strong>Deutsche Welle<\/strong><\/a><strong>.<\/strong> <a href=\"https:\/\/www.courrierinternational.com\/article\/moyen-orient-les-etats-unis-entrent-en-guerre-contre-l-iran_232276\" rel=\"nofollow noopener\" target=\"_blank\">Apr\u00e8s les bombardements am\u00e9ricains du 22\u00a0juin en Iran<\/a>, les pays membres de l\u2019Union europ\u00e9enne (UE) ont rapidement appel\u00e9 \u00e0 un retour au calme et au dialogue, affirme la cha\u00eene d\u2019outre-Rhin. Paris, Berlin et Londres ont notamment publi\u00e9 un communiqu\u00e9 commun appelant \u00e0 \u201cveiller \u00e0 ce que le conflit ne s\u2019intensifie pas et ne s\u2019\u00e9tende pas davantage\u201d.<\/p>\n<p>En France, o\u00f9 un conseil de d\u00e9fense a \u00e9t\u00e9 organis\u00e9 \u00e0 l\u2019\u00c9lys\u00e9e dimanche soir, <a href=\"https:\/\/www.courrierinternational.com\/sujet\/emmanuel-macron\" rel=\"nofollow noopener\" target=\"_blank\">Emmanuel Macron<\/a> s\u2019\u00e9tait entretenu plus t\u00f4t dans la journ\u00e9e avec plusieurs dirigeants de la r\u00e9gion, dont le pr\u00e9sident iranien, <a href=\"https:\/\/www.courrierinternational.com\/sujet\/massoud-pezeshkian\" rel=\"nofollow noopener\" target=\"_blank\">Masoud Pezeshkian<\/a>, mais aussi le prince h\u00e9ritier saoudien <a href=\"https:\/\/www.courrierinternational.com\/sujet\/mohammed-ben-salmane\" rel=\"nofollow noopener\" target=\"_blank\">Mohammed ben Salmane<\/a> et l\u2019\u00e9mir du Qatar, Tamim ben Hamad Al Thani. \u201cUne tentative pour privil\u00e9gier \u00e0 tout prix la voie diplomatique\u201d, <a class=\"ithalc\" data-ithal=\"lien_externe\" data-ithalc=\"[nav_article]\" target=\"_blank\" href=\"https:\/\/www.elmundo.es\/internacional\/2025\/06\/22\/68581027e85ecee91e8b457b.html\" rel=\"nofollow noopener\">commente le quotidien espagnol <strong>El Mundo<\/strong><\/a><strong>. <\/strong>Mais pour la plupart des m\u00e9dias, le chef de l\u2019\u00c9tat fran\u00e7ais et ses partenaires se voilent la face. M\u00eame s\u2019il y avait un retour \u00e0 la paix, lit-on dans la presse, cela n\u2019aurait certainement que peu \u00e0 voir avec l\u2019action du Vieux Continent.<\/p>\n<p>Dans la bataille qui se joue entre les \u00c9tats-Unis, l\u2019Iran et Isra\u00ebl, les Europ\u00e9ens ne sont que des \u201cspectateurs impuissants\u201d, <a class=\"ithalc\" data-ithal=\"lien_externe\" data-ithalc=\"[nav_article]\" target=\"_blank\" href=\"https:\/\/www.sueddeutsche.de\/politik\/iran-usa-europa-trump-merz-diplomatie-li.3272860\" rel=\"nofollow noopener\">analyse la <strong>S\u00fcddeutsche Zeitung,<\/strong><\/a><strong> <\/strong>le quotidien d<\/p>\n","protected":false},"excerpt":{"rendered":"\u00a0\u201cL\u2019Europe est sous le choc\u201d, assure la Deutsche Welle. Apr\u00e8s les bombardements am\u00e9ricains du 22\u00a0juin en Iran, les&hellip;\n","protected":false},"author":2,"featured_media":198286,"comment_status":"","ping_status":"","sticky":false,"template":"","format":"standard","meta":{"footnotes":""},"categories":[1586],"tags":[11,1777,674,1011,27,1892,32216,3019,3257,12,25,32215,770,2475],"class_list":{"0":"post-198285","1":"post","2":"type-post","3":"status-publish","4":"format-standard","5":"has-post-thumbnail","7":"category-europe","8":"tag-actualites","9":"tag-eu","10":"tag-europe","11":"tag-fr","12":"tag-france","13":"tag-gu00e9opolitique","14":"tag-guerre-israu00ebl-iran","15":"tag-iran","16":"tag-moyen-orient","17":"tag-news","18":"tag-republique-francaise","19":"tag-tensions-iran-israu00ebl","20":"tag-u00e9tats-unis","21":"tag-union-europu00e9enne"},"share_on_mastodon":{"url":"https:\/\/pubeurope.com\/@fr\/114733005118749324","error":""},"_links":{"self":[{"href":"https:\/\/www.europesays.com\/fr\/wp-json\/wp\/v2\/posts\/198285","targetHints":{"allow":["GET"]}}],"collection":[{"href":"https:\/\/www.europesays.com\/fr\/wp-json\/wp\/v2\/posts"}],"about":[{"href":"https:\/\/www.europesays.com\/fr\/wp-json\/wp\/v2\/types\/post"}],"author":[{"embeddable":true,"href":"https:\/\/www.europesays.com\/fr\/wp-json\/wp\/v2\/users\/2"}],"replies":[{"embeddable":true,"href":"https:\/\/www.europesays.com\/fr\/wp-json\/wp\/v2\/comments?post=198285"}],"version-history":[{"count":0,"href":"https:\/\/www.europesays.com\/fr\/wp-json\/wp\/v2\/posts\/198285\/revisions"}],"wp:featuredmedia":[{"embeddable":true,"href":"https:\/\/www.europesays.com\/fr\/wp-json\/wp\/v2\/media\/198286"}],"wp:attachment":[{"href":"https:\/\/www.europesays.com\/fr\/wp-json\/wp\/v2\/media?parent=198285"}],"wp:term":[{"taxonomy":"category","embeddable":true,"href":"https:\/\/www.europesays.com\/fr\/wp-json\/wp\/v2\/categories?post=198285"},{"taxonomy":"post_tag","embeddable":true,"href":"https:\/\/www.europesays.com\/fr\/wp-json\/wp\/v2\/tags?post=198285"}],"curies":[{"name":"wp","href":"https:\/\/api.w.org\/{rel}","templated":true}]}}