{"id":198289,"date":"2025-06-23T13:52:10","date_gmt":"2025-06-23T13:52:10","guid":{"rendered":"https:\/\/www.europesays.com\/fr\/198289\/"},"modified":"2025-06-23T13:52:10","modified_gmt":"2025-06-23T13:52:10","slug":"le-fil-du-jour-trump-evoque-un-changement-de-regime-en-iran-qui-menace-les-etats-unis-de-consequences-irreparables-mediapart","status":"publish","type":"post","link":"https:\/\/www.europesays.com\/fr\/198289\/","title":{"rendered":"Le fil du jour. Trump \u00e9voque un changement de r\u00e9gime en Iran, qui menace les \u00c9tats-Unis de \u00ab cons\u00e9quences irr\u00e9parables &#8211; Mediapart"},"content":{"rendered":"<ol>\n<li><a href=\"https:\/\/news.google.com\/rss\/articles\/CBMi6AFBVV95cUxPbDdFOUtyQlBwakFvVUtrdGNfRFlNVWVoOWszWXFBSlRINkpOUUZJbW15NnN2ekpuLW1oODZjSldOdkFLRnN2eGJqd2RpMXFmZ2NfbW9xTUNTQ1JZODdqNjZHZ1FzMHNEcHRtTlpQaERoSzNfX3djNTV1VHFNbkh5ckhQQVg4dkljOTU0clhJaEJ5ZDNRLXRMX0RWUTZlRmZPSXJJeXZnMUtWYzRKVWE1TTZabjNHaHFCQWlOOFBIdGpxMm5GWW1qSXdmZEkyX2hKRWF1RXNIS3d5bWxOX09HdF9uQkdZLTAx?oc=5\" target=\"_blank\" rel=\"noopener\">Le fil du jour. Trump \u00e9voque un changement de r\u00e9gime en Iran, qui menace les \u00c9tats-Unis de \u00ab cons\u00e9quences irr\u00e9parables<\/a>&nbsp;&nbsp;Mediapart<\/li>\n<li><a href=\"https:\/\/news.google.com\/rss\/articles\/CBMiygFBVV95cUxOWjljSGl6UzJDU1hfcG1GaklxVzVUVE55QWR6WjJvSGMtSm9UV0twbWZaM1BPNkVyU0s2RlU4ODRuX19BNTlDODNWUGkwQnJxNDA1ZnpSUGpzaTZqVTAxVnFHNzFDeVctd0YtRWZPVWFLd0lVdF9HM3FqVjF5MmhMd21kaHBEWkVyN0F6OW1qUTZJUXBlNXJmTC1TUldZZzlmdVM3NVhoam82UjJBT0ZvNl9qcEJDa0ctOFFWQUYwZE5SbmRzYnB5V0tR?oc=5\" target=\"_blank\" rel=\"noopener\">\u00c9tats-Unis : apr\u00e8s l\u2019op\u00e9ration \u00ab\u00a0Marteau de minuit\u00a0\u00bb, des voix d\u00e9mocrates appellent \u00e0 la destitution de Trump<\/a>&nbsp;&nbsp;Marianne<\/li>\n<li><a href=\"https:\/\/news.google.com\/rss\/articles\/CBMimgJBVV95cUxNdGs5eEl1SHhrd1RrNDRaN2FKMGUxdDBwNmpnS0lWeTV6YThGZ1U5VndHblotTEhTMFNLRGJyYnJGeTdJRjBLOVU5cFJEajF2RnFud2w4T0JDTkJIbFBVOURoLWNLWnBfRGEyTzlDRHFZelA5X0RuNmFkVzkwYVFkQzFTOWl2R0g5VWFTSFRqZWtob3RLVzBJVHRlMlFHY3l0dERuSmhaVXBZVWJVWF94WmxlOHdzVnVGenhYa2laSVpVWlJoMlBzMjZtSVpXNzM4T1NrRGNaZGplZ3Q5RzBGcmdjc1FTVWx1T0lneHJYcktrN2Vlc0g5TkVCRWJnT1NOYXJPTWdtNGp5Q2swTzlSQ042NEtrOFdnZkE?oc=5\" target=\"_blank\" rel=\"noopener\">\u00ab\u00a0La plus grande frappe de B-2 de l&rsquo;histoire\u00a0\u00bb: entre les 14 bombes anti-bunkers et les bombardiers \u00e0 2 milliards pi\u00e8ce, l&rsquo;op\u00e9ration am\u00e9ricaine en Iran a co\u00fbt\u00e9 tr\u00e8s cher<\/a>&nbsp;&nbsp;BFMTV<\/li>\n<li><a href=\"https:\/\/news.google.com\/rss\/articles\/CBMi-AFBVV95cUxOaUhWZUFQd1dJMVV3YW00UERHNnRzcWhBVGpEZ3htY1VjdUVvVzFyLUluejR1eXRYNUZEN00tZFZ6bEkyY3J2MmtEVGZncnRLUTBXQXZkdXBLOUcxZlNkckQweXJzZGhEWVp2bDFaTElvY19TaDNMNGluSUJ5N2RQZWhQQ0Uxd0VoS2dNeWZJeUwwU0x5Vl94VFZvYjdJZEFDTk03SHpWcmh5RDZzcDc1dnVVY1lFSkJ1M2tjd3RfTkJoOVV4UU1EZXNsWFg4RFdEQlZKWk1WSHFaMWtWLXl4Y3dkSGxqbmR4eVpYZ1dmSXZoMGU5cFFMcw?oc=5\" target=\"_blank\" rel=\"noopener\">Guerre Isra\u00ebl-Iran : des images satellites r\u00e9v\u00e8lent les d\u00e9g\u00e2ts des frappes am\u00e9ricaines sur les sites nucl\u00e9aires iraniens<\/a>&nbsp;&nbsp;Le Figaro<\/li>\n<li><a href=\"https:\/\/news.google.com\/rss\/articles\/CBMipAJBVV95cUxQT3JaN0ZjVnVkVlZlOUhzWW5yM1NuZDUzVEdwQ294VVl2eTJVbkl6cV9YenNHZWk3T1VVaEdGa2o3MTZQaXlPdlR4cGhpT1hWM3BmMFJTZ0JnUmhUbnlQOE1KS0ExQ2ZfUmpleHV2dllTbXVCUjNQTW16bnJKZ0UxNkJJcHYtd1pJQ3JBMUtuek1oMjJPTnlHNUpsNzd3dzY1dGhXZ1JOMHZfVE9vS215Szd1MXFSWEdxWlV6VkxWNFhYeXJmLTl5QkE4X3Z1NmtHM0VIWHl1dmJWY1VCNHoxRDVUeEVUY3E2QVdtOUxrQkJ1TV9zVTMyZ3Nhc1NTTmdNaVhFZUFZUXVzUWtWbDFYUFV2R2xLQkpMQlJUWXhUSXlXQmRp?oc=5\" target=\"_blank\" rel=\"noopener\">Bertrand Badie, politiste : \u00ab Pour Trump, l\u2019important reste de montrer que tous les chemins, la paix comme la guerre, passent par Washington \u00bb<\/a>&nbsp;&nbsp;Le Monde.fr<\/li>\n<\/ol>\n","protected":false},"excerpt":{"rendered":"Le fil du jour. Trump \u00e9voque un changement de r\u00e9gime en Iran, qui menace les \u00c9tats-Unis de \u00ab&hellip;\n","protected":false},"author":2,"featured_media":198290,"comment_status":"","ping_status":"","sticky":false,"template":"","format":"standard","meta":{"footnotes":""},"categories":[2],"tags":[11,1011,27,12,31,25],"class_list":{"0":"post-198289","1":"post","2":"type-post","3":"status-publish","4":"format-standard","5":"has-post-thumbnail","7":"category-actualites","8":"tag-actualites","9":"tag-fr","10":"tag-france","11":"tag-news","12":"tag-proche-et-moyen-orient","13":"tag-republique-francaise"},"share_on_mastodon":{"url":"https:\/\/pubeurope.com\/@fr\/114733013024060630","error":""},"_links":{"self":[{"href":"https:\/\/www.europesays.com\/fr\/wp-json\/wp\/v2\/posts\/198289","targetHints":{"allow":["GET"]}}],"collection":[{"href":"https:\/\/www.europesays.com\/fr\/wp-json\/wp\/v2\/posts"}],"about":[{"href":"https:\/\/www.europesays.com\/fr\/wp-json\/wp\/v2\/types\/post"}],"author":[{"embeddable":true,"href":"https:\/\/www.europesays.com\/fr\/wp-json\/wp\/v2\/users\/2"}],"replies":[{"embeddable":true,"href":"https:\/\/www.europesays.com\/fr\/wp-json\/wp\/v2\/comments?post=198289"}],"version-history":[{"count":0,"href":"https:\/\/www.europesays.com\/fr\/wp-json\/wp\/v2\/posts\/198289\/revisions"}],"wp:featuredmedia":[{"embeddable":true,"href":"https:\/\/www.europesays.com\/fr\/wp-json\/wp\/v2\/media\/198290"}],"wp:attachment":[{"href":"https:\/\/www.europesays.com\/fr\/wp-json\/wp\/v2\/media?parent=198289"}],"wp:term":[{"taxonomy":"category","embeddable":true,"href":"https:\/\/www.europesays.com\/fr\/wp-json\/wp\/v2\/categories?post=198289"},{"taxonomy":"post_tag","embeddable":true,"href":"https:\/\/www.europesays.com\/fr\/wp-json\/wp\/v2\/tags?post=198289"}],"curies":[{"name":"wp","href":"https:\/\/api.w.org\/{rel}","templated":true}]}}