{"id":198295,"date":"2025-06-23T13:55:14","date_gmt":"2025-06-23T13:55:14","guid":{"rendered":"https:\/\/www.europesays.com\/fr\/198295\/"},"modified":"2025-06-23T13:55:14","modified_gmt":"2025-06-23T13:55:14","slug":"saint-brieuc-sapprete-a-accueillir-la-creme-de-la-creme-du-street-golf","status":"publish","type":"post","link":"https:\/\/www.europesays.com\/fr\/198295\/","title":{"rendered":"Saint-Brieuc s\u2019appr\u00eate \u00e0 accueillir la cr\u00e8me de la cr\u00e8me du street-golf"},"content":{"rendered":"<p>Saint-Brieuc va devenir, le temps d\u2019un week-end, <a href=\"https:\/\/www.letelegramme.fr\/cotes-d-armor\/saint-brieuc-22000\/on-joue-au-golf-dans-saint-brieuc-1689367.php\" target=\"_blank\" rel=\"nofollow noopener\">la capitale fran\u00e7aise du street-golf<\/a>. La capitale des C\u00f4tes-d\u2019Armor accueille, en effet, la finale individuelle du championnat de France de la discipline, le samedi 5 juillet.<\/p>\n<p>\u00ab<a href=\"https:\/\/www.helloasso.com\/associations\/association-la-contremarche\/evenements\/finale-individuelle-championnat-de-france-de-street-golf\" target=\"_blank\" rel=\"nofollow noopener\">\u00a0Cette finale d\u00e9cernera le titre de champion de France en individuel<\/a> et permettra aussi aux trois premiers de se qualifier directement pour la Coupe d\u2019Europe\u00a0\u00bb, pose Fran\u00e7ois Renard, le pr\u00e9sident de l\u2019association La ContreMarche, qui organise l\u2019\u00e9v\u00e9nement avec le soutien de The Next Golf et de la f\u00e9d\u00e9ration sportive de street-golf. \u00ab\u00a0Il va y avoir du niveau, avec certains joueurs de l\u2019\u00e9quipe de France championne du monde en septembre 2024\u00a0\u00bb.<\/p>\n<p>Ouvert aux golfeurs d\u00e9butants<\/p>\n<p>Mais parce que le street-golf est une discipline ouverte, des places sont ouvertes aux golfeurs classiques qui voudraient s\u2019essayer \u00e0 cette pratique urbaine. \u00ab\u00a0On aura une quarantaine de comp\u00e9titeurs mais il y a de la place pour 80 inscrits, d\u00e9taille Fran\u00e7ois Renard. On attend donc les locaux, pas forc\u00e9ment street-golfeurs, qui voudraient d\u00e9couvrir la discipline et se mesurer au top du top\u00a0\u00bb.<\/p>\n<p>Le pr\u00e9sident de La ContreMarche, \u00e0 l\u2019origine du parcours de golf urbain de Saint-Brieuc, l\u2019assure\u00a0: \u00ab\u00a0Le street-golf se pr\u00eate tr\u00e8s bien \u00e0 la d\u00e9couverte parce qu\u2019il nivelle un peu les comp\u00e9tences. Un d\u00e9butant peut tout \u00e0 fait jouer avec un street-golfeur averti et y prendre malgr\u00e9 tout beaucoup de plaisir\u00a0\u00bb.<\/p>\n<p>17 trous \u00e0 jouer dans la ville<\/p>\n<p>L\u2019accueil de cette finale va, forc\u00e9ment, donner un coup de projecteur au <a href=\"https:\/\/www.letelegramme.fr\/cotes-d-armor\/saint-brieuc-22000\/le-street-golf-est-pret-a-faire-swinguer-le-centre-ville-de-saint-brieuc-6374304.php\" target=\"_blank\" rel=\"nofollow noopener\">parcours de golf urbain briochin, qui a vu le jour en 2023<\/a>. Pour l\u2019occasion, les organisateurs ont d\u00e9cid\u00e9 de le faire passer de neuf \u00e0 17 trous, en comptant les bonus. \u00ab\u00a0On en a invent\u00e9 certains et on en a \u00ab\u00a0pimp\u00e9\u00a0\u00bb d\u2019autres pour augmenter un peu la difficult\u00e9\u00a0\u00bb, sourit Fran\u00e7ois Renard. \u00c0 l\u2019image du trou de l\u2019esplanade Georges-Pompidou o\u00f9 il faudra d\u00e9sormais partir de l\u2019esplanade Jarry et frapper ses balles au-dessus du boulevard Charner. Ou ce nouveau trou, qui partira du dernier \u00e9tage du parking des Promenades.<\/p>\n<p><img decoding=\"async\" src=\"https:\/\/www.europesays.com\/fr\/wp-content\/uploads\/2025\/06\/685829e2f5aa3a76160dc7b2.1.jpeg\" width=\"480\" height=\"300\" class=\"web_golden_m\" loading=\"lazy\" alt=\"La finale est ouverte aux golfeurs classiques qui souhaiteraient s\u2019essayer \u00e0 cette nouvelle discipline. Pour les n\u00e9ophytes, des d\u00e9monstrations et initiations sont pr\u00e9vues dimanche 6\u00a0juillet.\"\/>La finale est ouverte aux golfeurs classiques qui souhaiteraient s\u2019essayer \u00e0 cette nouvelle discipline. Pour les n\u00e9ophytes, des d\u00e9monstrations et initiations sont pr\u00e9vues dimanche 6\u00a0juillet. (Archives Le T\u00e9l\u00e9gramme\/Julien Molla)<\/p>\n<p>Si le samedi sera d\u00e9di\u00e9 \u00e0 la comp\u00e9tition, le dimanche le sera, pour sa part, \u00e0 la d\u00e9couverte du street-golf. D\u00e9monstrations, trick shots et initiations sont programm\u00e9s au parc des Promenades, de 11\u00a0h \u00e0 15\u00a0h. L\u2019occasion de faire grandir la pratique \u00e0 Saint-Brieuc. \u00ab\u00a0Quand les gens essaient, \u00e7a les amuse toujours. Apr\u00e8s, il faut qu\u2019on arrive \u00e0 cr\u00e9er une base\u00a0\u00bb.<\/p>\n<p>Pratique<\/p>\n<p class=\"note\">Finale individuelle du championnat de France de street-golf, samedi 5 juillet. Accueil de 10\u00a0h \u00e0 11\u00a0h au Bistrot de la Poste. D\u00e9but de la comp\u00e9tition \u00e0 12\u00a0h. R\u00e9sultats \u00e0 19\u00a0h au Bistrot de la Poste. Tarif\u00a0: 12 \u20ac. Inscription\u00a0: <a href=\"https:\/\/www.helloasso.com\/associations\/association-la-contremarche\" target=\"_blank\" rel=\"nofollow noopener\">www.helloasso.com\/associations\/association-la-contremarche<\/a>. Dimanche, de 11\u00a0h \u00e0 15\u00a0h, d\u00e9monstrations et initiations au parc des Promenades.<\/p>\n","protected":false},"excerpt":{"rendered":"Saint-Brieuc va devenir, le temps d\u2019un week-end, la capitale fran\u00e7aise du street-golf. La capitale des C\u00f4tes-d\u2019Armor accueille, en&hellip;\n","protected":false},"author":2,"featured_media":198296,"comment_status":"","ping_status":"","sticky":false,"template":"","format":"standard","meta":{"footnotes":""},"categories":[1418],"tags":[2171,765,1011,27,1472,4937,60],"class_list":{"0":"post-198295","1":"post","2":"type-post","3":"status-publish","4":"format-standard","5":"has-post-thumbnail","7":"category-golf","8":"tag-cotes-darmor","9":"tag-en-continu","10":"tag-fr","11":"tag-france","12":"tag-golf","13":"tag-saint-brieuc","14":"tag-sports"},"share_on_mastodon":{"url":"https:\/\/pubeurope.com\/@fr\/114733024863568512","error":""},"_links":{"self":[{"href":"https:\/\/www.europesays.com\/fr\/wp-json\/wp\/v2\/posts\/198295","targetHints":{"allow":["GET"]}}],"collection":[{"href":"https:\/\/www.europesays.com\/fr\/wp-json\/wp\/v2\/posts"}],"about":[{"href":"https:\/\/www.europesays.com\/fr\/wp-json\/wp\/v2\/types\/post"}],"author":[{"embeddable":true,"href":"https:\/\/www.europesays.com\/fr\/wp-json\/wp\/v2\/users\/2"}],"replies":[{"embeddable":true,"href":"https:\/\/www.europesays.com\/fr\/wp-json\/wp\/v2\/comments?post=198295"}],"version-history":[{"count":0,"href":"https:\/\/www.europesays.com\/fr\/wp-json\/wp\/v2\/posts\/198295\/revisions"}],"wp:featuredmedia":[{"embeddable":true,"href":"https:\/\/www.europesays.com\/fr\/wp-json\/wp\/v2\/media\/198296"}],"wp:attachment":[{"href":"https:\/\/www.europesays.com\/fr\/wp-json\/wp\/v2\/media?parent=198295"}],"wp:term":[{"taxonomy":"category","embeddable":true,"href":"https:\/\/www.europesays.com\/fr\/wp-json\/wp\/v2\/categories?post=198295"},{"taxonomy":"post_tag","embeddable":true,"href":"https:\/\/www.europesays.com\/fr\/wp-json\/wp\/v2\/tags?post=198295"}],"curies":[{"name":"wp","href":"https:\/\/api.w.org\/{rel}","templated":true}]}}