{"id":198297,"date":"2025-06-23T13:56:10","date_gmt":"2025-06-23T13:56:10","guid":{"rendered":"https:\/\/www.europesays.com\/fr\/198297\/"},"modified":"2025-06-23T13:56:10","modified_gmt":"2025-06-23T13:56:10","slug":"volley-ball-larago-beach-installe-ses-terrains-sur-la-zone-dactivite-multisports-de-sete","status":"publish","type":"post","link":"https:\/\/www.europesays.com\/fr\/198297\/","title":{"rendered":"Volley-ball\u00a0: l\u2019Arago Beach installe ses terrains sur la Zone d\u2019Activit\u00e9 Multisports de S\u00e8te"},"content":{"rendered":"<p>\n                                                                Entre stages et tournois, il y en aura pour tout le monde, confirm\u00e9s ou d\u00e9butants, cet \u00e9t\u00e9.\n                            <\/p>\n<p>Les volleyeurs de l\u2019Arago ont quitt\u00e9 les gymnases afin de se retrouver sur la Zone d\u2019Activit\u00e9 Multisports (ZAM), plage de Villeroy. Au programme cette ann\u00e9e, deux tournois 3&#215;3 sont pr\u00e9vus, le 13\u00a0juillet avec le dixi\u00e8me \u201cChallenge Fiona\u201d et le 10\u00a0ao\u00fbt avec le Tournoi Arago Beach.<\/p>\n<p>Les recettes revers\u00e9es \u00e0 la Ligue contre le cancer<\/p>\n<p>Ils permettront aux volleyeurs, filles et gar\u00e7ons, de s\u2019affronter par \u00e9quipes de trois sur le sable, que ce soit en cat\u00e9gorie Loisir, Jeune, Master F\u00e9minin ou Masculin. De nombreux lots sont pr\u00e9vus et l\u2019inscription aura lieu de 9\u00a0h\u00a030 \u00e0 10\u00a0h sur la plage apr\u00e8s une pr\u00e9inscription (informations\u00a0: <a href=\"https:\/\/www.facebook.com\/beach.arago\" target=\"_blank\" rel=\"nofollow noopener\">https:\/\/www.facebook.com\/beach.arago<\/a>).<\/p>\n<p>La recette de la buvette du troph\u00e9e Fiona sera, comme chaque ann\u00e9e, revers\u00e9e \u00e0 la Ligue contre le cancer. De quoi profiter des p\u00e2tisseries r\u00e9alis\u00e9es par la famille et les amis de Fiona tout en r\u00e9alisant une bonne action\u00a0!<\/p>\n<p>Stages ouverts \u00e0 tous<\/p>\n<p>La structure Arago Beach propose \u00e9galement des stages pour les d\u00e9butants et les volleyeurs confirm\u00e9s de 6 \u00e0 20 ans, du 30\u00a0juin au 8\u00a0ao\u00fbt.<\/p>\n<p>Ouverts \u00e0 tous, encadr\u00e9s par des entra\u00eeneurs de l\u2019Arago, ils se d\u00e9rouleront de 9\u00a0h \u00e0 12\u00a0h du lundi au vendredi dans une ambiance conviviale et une fra\u00eecheur matinale relative. Pour toute information ou inscription, contacter Michel Meynard au 06\u00a098\u00a024\u00a000\u00a059. Tarifs\u00a0: 72\u00a0\u20ac la semaine ou 18\u00a0\u20ac par jour (r\u00e9duction pour les licenci\u00e9s de l\u2019Arago).<\/p>\n<p>Enfin, tous les apr\u00e8s-midi, la pratique libre est possible sur les six terrains de volley de la ZAM. Voici un programme d\u2019\u00e9t\u00e9 bien charg\u00e9 qui permettra d\u2019occuper les volleyeurs, d\u00e9butants ou confirm\u00e9s, avant le retour \u00e0 la salle.<\/p>\n","protected":false},"excerpt":{"rendered":"Entre stages et tournois, il y en aura pour tout le monde, confirm\u00e9s ou d\u00e9butants, cet \u00e9t\u00e9. Les&hellip;\n","protected":false},"author":2,"featured_media":198298,"comment_status":"","ping_status":"","sticky":false,"template":"","format":"standard","meta":{"footnotes":""},"categories":[1417],"tags":[1011,27,60,1470,1469],"class_list":{"0":"post-198297","1":"post","2":"type-post","3":"status-publish","4":"format-standard","5":"has-post-thumbnail","7":"category-volley","8":"tag-fr","9":"tag-france","10":"tag-sports","11":"tag-volley","12":"tag-volleyball"},"share_on_mastodon":{"url":"https:\/\/pubeurope.com\/@fr\/114733028906324264","error":""},"_links":{"self":[{"href":"https:\/\/www.europesays.com\/fr\/wp-json\/wp\/v2\/posts\/198297","targetHints":{"allow":["GET"]}}],"collection":[{"href":"https:\/\/www.europesays.com\/fr\/wp-json\/wp\/v2\/posts"}],"about":[{"href":"https:\/\/www.europesays.com\/fr\/wp-json\/wp\/v2\/types\/post"}],"author":[{"embeddable":true,"href":"https:\/\/www.europesays.com\/fr\/wp-json\/wp\/v2\/users\/2"}],"replies":[{"embeddable":true,"href":"https:\/\/www.europesays.com\/fr\/wp-json\/wp\/v2\/comments?post=198297"}],"version-history":[{"count":0,"href":"https:\/\/www.europesays.com\/fr\/wp-json\/wp\/v2\/posts\/198297\/revisions"}],"wp:featuredmedia":[{"embeddable":true,"href":"https:\/\/www.europesays.com\/fr\/wp-json\/wp\/v2\/media\/198298"}],"wp:attachment":[{"href":"https:\/\/www.europesays.com\/fr\/wp-json\/wp\/v2\/media?parent=198297"}],"wp:term":[{"taxonomy":"category","embeddable":true,"href":"https:\/\/www.europesays.com\/fr\/wp-json\/wp\/v2\/categories?post=198297"},{"taxonomy":"post_tag","embeddable":true,"href":"https:\/\/www.europesays.com\/fr\/wp-json\/wp\/v2\/tags?post=198297"}],"curies":[{"name":"wp","href":"https:\/\/api.w.org\/{rel}","templated":true}]}}