{"id":19830,"date":"2025-04-12T12:59:09","date_gmt":"2025-04-12T12:59:09","guid":{"rendered":"https:\/\/www.europesays.com\/fr\/19830\/"},"modified":"2025-04-12T12:59:09","modified_gmt":"2025-04-12T12:59:09","slug":"laeticia-hallyday-bientot-ruinee-les-grosses-dettes-de-johnny-vont-la-plomber-mais-la-justice-a-tranche","status":"publish","type":"post","link":"https:\/\/www.europesays.com\/fr\/19830\/","title":{"rendered":"Laeticia Hallyday bient\u00f4t ruin\u00e9e ? Les grosses dettes de Johnny vont la plomber, mais la justice a tranch\u00e9"},"content":{"rendered":"<p>Depuis plusieurs ann\u00e9es, <a href=\"https:\/\/www.closermag.fr\/bio-people\/biographie-laeticia-hallyday-112340\" rel=\"nofollow noopener\" target=\"_blank\"><br \/>\nLaeticia Hallyday<\/a> est dans la tourmente. Elle fait face \u00e0 une<br \/>\nsituation financi\u00e8re extr\u00eamement complexe. En cause, <strong>les<br \/>\ndettes fiscales colossales<\/strong> laiss\u00e9es par <a href=\"https:\/\/www.closermag.fr\/people\/johnny-hallyday-avec-marnes-la-coquette-laeticia-sarrache-les-cheveux-et-ca-ne-va-pas-sarranger-3472581\" rel=\"nofollow noopener\" target=\"_blank\"><br \/>\nson d\u00e9funt mari, Johnny Hallyday.<\/a> \u00c0 la mort du chanteur en<br \/>\nd\u00e9cembre 2017, elle a h\u00e9rit\u00e9 d&rsquo;une dette fiscale initiale de 33<br \/>\nmillions d&rsquo;euros, r\u00e9partie entre les administrations fiscales<br \/>\nfran\u00e7aise et am\u00e9ricaine.<\/p>\n<p>Malgr\u00e9 ses efforts pour rembourser cette somme, elle a<br \/>\n<strong>une pression financi\u00e8re consid\u00e9rable.<\/strong> Laeticia<br \/>\nHallyday a d\u00e9j\u00e0 rembours\u00e9 environ un tiers de cette dette, soit<br \/>\nenviron 11 millions d&rsquo;euros. Cependant, il reste encore pr\u00e8s de 21<br \/>\nmillions d&rsquo;euros \u00e0 rembourser, ce qui repr\u00e9sente un d\u00e9fi majeur<br \/>\npour la veuve du chanteur. <a href=\"https:\/\/www.telestar.fr\/people\/johnny-hallyday-pour-son-biopic-laeticia-mise-sur-lacteur-en-vogue-du-cinema-francais-1678754\" rel=\"nofollow noopener\" target=\"_blank\"><br \/>\nLa m\u00e8re de Jade et Joy<\/a> a d\u00fb vendre plusieurs biens immobiliers<br \/>\ncomme la villa de Pacific Palisades \u00e0 Los Angeles pour environ 15<br \/>\nmillions d&rsquo;euros. Elle tente aussi depuis plusieurs ann\u00e9es de<br \/>\nvendre la maison de Marnes-la-Coquette en France.<\/p>\n<p>Des d\u00e9cisions judiciaires et des n\u00e9gociations<\/p>\n<p>La justice fran\u00e7aise a tranch\u00e9 en d\u00e9faveur de Laeticia dans<br \/>\nplusieurs batailles juridiques contre le fisc. En 2020, elle a \u00e9t\u00e9<br \/>\nd\u00e9bout\u00e9e par la cour d&rsquo;appel de Versailles concernant un<br \/>\nredressement fiscal li\u00e9 \u00e0 des montages financiers sur une tourn\u00e9e<br \/>\nde Johnny. Plus r\u00e9cemment, ses tentatives pour obtenir <strong>des<br \/>\nr\u00e9ductions sur les p\u00e9nalit\u00e9s fiscales<\/strong> ont \u00e9t\u00e9<br \/>\npartiellement accept\u00e9es. Mais\u00a0 elles ont \u00e9t\u00e9 conditionn\u00e9es au<br \/>\npaiement imm\u00e9diat de certaines sommes.<\/p>\n<p>Selon les informations de L&rsquo;inform\u00e9, la derni\u00e8re d\u00e9cision du<br \/>\ntribunal administratif de Paris vient donc \u00ab\u00a0une nouvelle fois<br \/>\ndoucher ses espoirs.\u00a0\u00bb Si elle ne fait pas appel de ce<br \/>\njugement, elle se retrouvera donc au point de d\u00e9part. Elle devra<br \/>\nd\u2019abord payer \u00ab\u00a07,7 millions d\u2019euros au fisc, qui la dispensera<br \/>\nalors des p\u00e9nalit\u00e9s (3,2 millions).\u00a0\u00bb Pour rappel,<br \/>\nla\u00a0gestion de cette dette a \u00e9galement exacerb\u00e9 <strong>les<br \/>\ntensions familiales.<\/strong> Les relations entre Laeticia et David<br \/>\nHallyday et Laura Smet, se sont d\u00e9t\u00e9rior\u00e9es lors du r\u00e8glement de<br \/>\nl&rsquo;h\u00e9ritage. Un accord d\u00e9finitif a \u00e9t\u00e9 trouv\u00e9 apr\u00e8s des ann\u00e9es de<br \/>\nbataille judiciaire, mais les liens familiaux restent fragiles.<\/p>\n<p>Les projets de Laeticia Hallyday<\/p>\n<p>Pour tenter de g\u00e9n\u00e9rer des revenus suppl\u00e9mentaires et<br \/>\n<strong>honorer la m\u00e9moire de Johnny<\/strong>, Laeticia a lanc\u00e9 des<br \/>\nprojets.\u00a0 Elle a notamment d\u00e9voil\u00e9 une exposition consacr\u00e9e au<br \/>\nchanteur. Ces initiatives pourraient contribuer \u00e0 all\u00e9ger le poids<br \/>\nfinancier qu&rsquo;elle porte sur les \u00e9paules.<\/p>\n<p>Bien que Laeticia Hallyday ait r\u00e9ussi \u00e0 rembourser une partie<br \/>\nsignificative de la dette, le chemin reste long. Selon les<br \/>\nestimations, il pourrait lui falloir encore une d\u00e9cennie pour s&rsquo;en<br \/>\nd\u00e9barrasser compl\u00e8tement. Entre sacrifices financiers et tensions<br \/>\nfamiliales, sa situation demeure d\u00e9licate et incertaine.<\/p>\n","protected":false},"excerpt":{"rendered":"Depuis plusieurs ann\u00e9es, Laeticia Hallyday est dans la tourmente. Elle fait face \u00e0 une situation financi\u00e8re extr\u00eamement complexe.&hellip;\n","protected":false},"author":2,"featured_media":19831,"comment_status":"","ping_status":"","sticky":false,"template":"","format":"standard","meta":{"footnotes":""},"categories":[1359],"tags":[548,58,59,1011,27,7648,973],"class_list":{"0":"post-19830","1":"post","2":"type-post","3":"status-publish","4":"format-standard","5":"has-post-thumbnail","7":"category-people","8":"tag-article-simple","9":"tag-divertissement","10":"tag-entertainment","11":"tag-fr","12":"tag-france","13":"tag-laeticia-hallyday","14":"tag-people"},"share_on_mastodon":{"url":"https:\/\/pubeurope.com\/@fr\/114325118191268196","error":""},"_links":{"self":[{"href":"https:\/\/www.europesays.com\/fr\/wp-json\/wp\/v2\/posts\/19830","targetHints":{"allow":["GET"]}}],"collection":[{"href":"https:\/\/www.europesays.com\/fr\/wp-json\/wp\/v2\/posts"}],"about":[{"href":"https:\/\/www.europesays.com\/fr\/wp-json\/wp\/v2\/types\/post"}],"author":[{"embeddable":true,"href":"https:\/\/www.europesays.com\/fr\/wp-json\/wp\/v2\/users\/2"}],"replies":[{"embeddable":true,"href":"https:\/\/www.europesays.com\/fr\/wp-json\/wp\/v2\/comments?post=19830"}],"version-history":[{"count":0,"href":"https:\/\/www.europesays.com\/fr\/wp-json\/wp\/v2\/posts\/19830\/revisions"}],"wp:featuredmedia":[{"embeddable":true,"href":"https:\/\/www.europesays.com\/fr\/wp-json\/wp\/v2\/media\/19831"}],"wp:attachment":[{"href":"https:\/\/www.europesays.com\/fr\/wp-json\/wp\/v2\/media?parent=19830"}],"wp:term":[{"taxonomy":"category","embeddable":true,"href":"https:\/\/www.europesays.com\/fr\/wp-json\/wp\/v2\/categories?post=19830"},{"taxonomy":"post_tag","embeddable":true,"href":"https:\/\/www.europesays.com\/fr\/wp-json\/wp\/v2\/tags?post=19830"}],"curies":[{"name":"wp","href":"https:\/\/api.w.org\/{rel}","templated":true}]}}