{"id":198301,"date":"2025-06-23T13:58:10","date_gmt":"2025-06-23T13:58:10","guid":{"rendered":"https:\/\/www.europesays.com\/fr\/198301\/"},"modified":"2025-06-23T13:58:10","modified_gmt":"2025-06-23T13:58:10","slug":"tennis-lois-boisson-connait-ses-adversaires-pour-les-qualifications-de-wimbledon","status":"publish","type":"post","link":"https:\/\/www.europesays.com\/fr\/198301\/","title":{"rendered":"Tennis . Lo\u00efs Boisson conna\u00eet ses adversaires pour les qualifications de Wimbledon"},"content":{"rendered":"<p>Et ce lundi, elle en sait un peu plus sur le chemin qu&rsquo;il lui faudra parcourir pour cela.\u00a0En effet, <a href=\"https:\/\/www.ledauphine.com\/sport\/2025\/06\/09\/quand-lois-boisson-a-declare-sa-flamme-a-la-ville-d-annecy\" target=\"_blank\" rel=\"noopener\">la Haut-Savoyarde<\/a>, t\u00eate de s\u00e9rie n\u00b01 des qualifications,\u00a0affrontera au premier tour la Canadienne Carson Branstine, 197e mondiale.<\/p>\n<p>Au deuxi\u00e8me tour, elle pourrait \u00eatre oppos\u00e9e \u00e0 une autre Canadienne, Bianca Andreescu, laur\u00e9ate de l&rsquo;US Open en 2019.\u00a0Enfin, au troisi\u00e8me tour, elle affronterait une joueuse parmi : Xiyu Wang, Kristina Dmitruk, Raluka Serban, Maja Chwalinska.<\/p>\n","protected":false},"excerpt":{"rendered":"Et ce lundi, elle en sait un peu plus sur le chemin qu&rsquo;il lui faudra parcourir pour cela.\u00a0En&hellip;\n","protected":false},"author":2,"featured_media":198302,"comment_status":"","ping_status":"","sticky":false,"template":"","format":"standard","meta":{"footnotes":""},"categories":[1415],"tags":[3853,3854,3855,3856,107,1701,1011,27,4638,517,1947,60,1467],"class_list":{"0":"post-198301","1":"post","2":"type-post","3":"status-publish","4":"format-standard","5":"has-post-thumbnail","7":"category-tennis","8":"tag-annecy","9":"tag-annecy-bassin","10":"tag-annecy-region","11":"tag-edition-annecy-rumilly-les-aravis","12":"tag-fil-info","13":"tag-fil-info-sport","14":"tag-fr","15":"tag-france","16":"tag-haute-savoie","17":"tag-sport","18":"tag-sport-national","19":"tag-sports","20":"tag-tennis"},"share_on_mastodon":{"url":"https:\/\/pubeurope.com\/@fr\/114733036512980166","error":""},"_links":{"self":[{"href":"https:\/\/www.europesays.com\/fr\/wp-json\/wp\/v2\/posts\/198301","targetHints":{"allow":["GET"]}}],"collection":[{"href":"https:\/\/www.europesays.com\/fr\/wp-json\/wp\/v2\/posts"}],"about":[{"href":"https:\/\/www.europesays.com\/fr\/wp-json\/wp\/v2\/types\/post"}],"author":[{"embeddable":true,"href":"https:\/\/www.europesays.com\/fr\/wp-json\/wp\/v2\/users\/2"}],"replies":[{"embeddable":true,"href":"https:\/\/www.europesays.com\/fr\/wp-json\/wp\/v2\/comments?post=198301"}],"version-history":[{"count":0,"href":"https:\/\/www.europesays.com\/fr\/wp-json\/wp\/v2\/posts\/198301\/revisions"}],"wp:featuredmedia":[{"embeddable":true,"href":"https:\/\/www.europesays.com\/fr\/wp-json\/wp\/v2\/media\/198302"}],"wp:attachment":[{"href":"https:\/\/www.europesays.com\/fr\/wp-json\/wp\/v2\/media?parent=198301"}],"wp:term":[{"taxonomy":"category","embeddable":true,"href":"https:\/\/www.europesays.com\/fr\/wp-json\/wp\/v2\/categories?post=198301"},{"taxonomy":"post_tag","embeddable":true,"href":"https:\/\/www.europesays.com\/fr\/wp-json\/wp\/v2\/tags?post=198301"}],"curies":[{"name":"wp","href":"https:\/\/api.w.org\/{rel}","templated":true}]}}