{"id":198303,"date":"2025-06-23T14:00:08","date_gmt":"2025-06-23T14:00:08","guid":{"rendered":"https:\/\/www.europesays.com\/fr\/198303\/"},"modified":"2025-06-23T14:00:08","modified_gmt":"2025-06-23T14:00:08","slug":"la-commission-europeenne-approuve-lacquisition-du-motogp-par-liberty-media","status":"publish","type":"post","link":"https:\/\/www.europesays.com\/fr\/198303\/","title":{"rendered":"La Commission europ\u00e9enne approuve l&rsquo;acquisition du MotoGP\u2122 par Liberty Media"},"content":{"rendered":"<p>Liberty Media Corporation a re\u00e7u aujourd&rsquo;hui l&rsquo;approbation inconditionnelle de la Commission europ\u00e9enne pour finaliser l&rsquo;acquisition de Dorna Sports, d\u00e9tenteur des droits du MotoGP\u2122. Cette op\u00e9ration devrait \u00eatre finalis\u00e9e au plus tard le 3 juillet 2025, ouvrant la porte \u00e0 une nouvelle \u00e8re pour notre sport.<\/p>\n<p>Le MotoGP\u2122 \u00e9volue d\u00e9j\u00e0 pour lib\u00e9rer tout le potentiel du sport le plus passionnant au monde avec des foules record, de nouveaux circuits et des audiences qui ne cessent de grimper. Liberty Media va maintenant mettre \u00e0 profit son expertise pour accro\u00eetre encore un peu plus le nombre de fans de MotoGP\u2122 et d\u00e9velopper ce sport au niveau mondial et commercial.<\/p>\n<p>Carmelo Ezpeleta, PDG de la Dorna depuis 1998, va rester \u00e0 la t\u00eate du MotoGP\u2122 avec son \u00e9quipe de direction.<\/p>\n<p><strong>Derek Chang, pr\u00e9sident-directeur g\u00e9n\u00e9ral de Liberty Media :<\/strong> \u00ab L&rsquo;approbation donn\u00e9e aujourd&rsquo;hui par la Commission europ\u00e9enne \u00e9tait la derni\u00e8re condition \u00e0 remplir pour conclure l&rsquo;acquisition du MotoGP\u2122 par Liberty. Nous sommes ravis de commencer officiellement le partenariat de Liberty avec Carmelo et son excellente \u00e9quipe de gestion. Le MotoGP\u2122 est un actif sportif de premier plan tr\u00e8s attractif qui comprend des courses incroyables, des fans passionn\u00e9s et un profil financier solide. Nous pensons que le sport et la marque ont un potentiel de croissance significatif que nous chercherons \u00e0 concr\u00e9tiser en renfor\u00e7ant le lien avec les fans et en l&rsquo;\u00e9tendant \u00e0 un public mondial plus large \u00bb.<\/p>\n<p><strong>Carmelo Ezpeleta, PDG de Dorna Sports, d\u00e9tenteur des droits du MotoGP\u2122 :<\/strong> \u00ab Nous sommes tr\u00e8s heureux que la Commission europ\u00e9enne ait approuv\u00e9 la transaction. Il s&rsquo;agit d&rsquo;une \u00e9tape importante qui confirme l&rsquo;avenir encore plus radieux qui attend le MotoGP\u2122. Le MotoGP\u2122 est l&rsquo;un des sports les plus passionnants de la plan\u00e8te. Nous sommes impatients d&rsquo;acc\u00e9l\u00e9rer la croissance de cette discipline et d&rsquo;\u00e9tendre sa port\u00e9e \u00e0 encore plus de fans \u00e0 travers le monde. Liberty est le meilleur partenaire possible pour notre sport et pour toute la communaut\u00e9 du MotoGP\u2122, et nous sommes impatients de cr\u00e9er encore plus de valeur pour nos fans, nos partenaires commerciaux et tous ceux qui participent \u00e0 la comp\u00e9tition \u00bb.<\/p>\n<p>Liberty Media va acqu\u00e9rir 84% de Dorna Sports, d\u00e9tenteur des droits du MotoGP\u2122, la direction du MotoGP\u2122 conservant 16% de l&rsquo;entreprise.<\/p>\n<p>Liberty Media Corporation exploite et d\u00e9tient des participations dans des entreprises de m\u00e9dias, de sport et de divertissement avec notamment des filiales Formula 1 et Quint, une participation \u00e0 Live Nation ainsi que d&rsquo;autres investissements minoritaires.<\/p>\n","protected":false},"excerpt":{"rendered":"Liberty Media Corporation a re\u00e7u aujourd&rsquo;hui l&rsquo;approbation inconditionnelle de la Commission europ\u00e9enne pour finaliser l&rsquo;acquisition de Dorna Sports,&hellip;\n","protected":false},"author":2,"featured_media":198304,"comment_status":"","ping_status":"","sticky":false,"template":"","format":"standard","meta":{"footnotes":""},"categories":[1413],"tags":[1011,27,1457,1456,60,2032],"class_list":{"0":"post-198303","1":"post","2":"type-post","3":"status-publish","4":"format-standard","5":"has-post-thumbnail","7":"category-moto","8":"tag-fr","9":"tag-france","10":"tag-moto","11":"tag-motocycle","12":"tag-sports","13":"tag-text"},"share_on_mastodon":{"url":"https:\/\/pubeurope.com\/@fr\/114733044438533236","error":""},"_links":{"self":[{"href":"https:\/\/www.europesays.com\/fr\/wp-json\/wp\/v2\/posts\/198303","targetHints":{"allow":["GET"]}}],"collection":[{"href":"https:\/\/www.europesays.com\/fr\/wp-json\/wp\/v2\/posts"}],"about":[{"href":"https:\/\/www.europesays.com\/fr\/wp-json\/wp\/v2\/types\/post"}],"author":[{"embeddable":true,"href":"https:\/\/www.europesays.com\/fr\/wp-json\/wp\/v2\/users\/2"}],"replies":[{"embeddable":true,"href":"https:\/\/www.europesays.com\/fr\/wp-json\/wp\/v2\/comments?post=198303"}],"version-history":[{"count":0,"href":"https:\/\/www.europesays.com\/fr\/wp-json\/wp\/v2\/posts\/198303\/revisions"}],"wp:featuredmedia":[{"embeddable":true,"href":"https:\/\/www.europesays.com\/fr\/wp-json\/wp\/v2\/media\/198304"}],"wp:attachment":[{"href":"https:\/\/www.europesays.com\/fr\/wp-json\/wp\/v2\/media?parent=198303"}],"wp:term":[{"taxonomy":"category","embeddable":true,"href":"https:\/\/www.europesays.com\/fr\/wp-json\/wp\/v2\/categories?post=198303"},{"taxonomy":"post_tag","embeddable":true,"href":"https:\/\/www.europesays.com\/fr\/wp-json\/wp\/v2\/tags?post=198303"}],"curies":[{"name":"wp","href":"https:\/\/api.w.org\/{rel}","templated":true}]}}