{"id":198305,"date":"2025-06-23T14:01:10","date_gmt":"2025-06-23T14:01:10","guid":{"rendered":"https:\/\/www.europesays.com\/fr\/198305\/"},"modified":"2025-06-23T14:01:10","modified_gmt":"2025-06-23T14:01:10","slug":"les-bleues-lancent-leur-coupe-du-monde-par-une-victoire","status":"publish","type":"post","link":"https:\/\/www.europesays.com\/fr\/198305\/","title":{"rendered":"les Bleues lancent leur Coupe du monde par une victoire"},"content":{"rendered":"<p>L\u2019\u00e9quipe de France f\u00e9minine de basket 3&#215;3 a r\u00e9ussi son entr\u00e9e en lice en Coupe du monde, lundi \u00e0 Oulan-Bator, avec une victoire contre la Hongrie (21-16).<\/p>\n<p class=\"fig-paragraph\">Entr\u00e9e en mati\u00e8re r\u00e9ussie pour l\u2019\u00e9quipe de France de basket 3&#215;3 \u00e0 la Coupe du monde. Les Bleues ont gagn\u00e9 le premier de leurs quatre matches de la phase de poules, lundi face \u00e0 la Hongrie (21-16) \u00e0 Oulan-Bator (Mongolie). Camille Droguet, joueuse de Tarbes, a sign\u00e9 9 points et 4 rebonds pour lancer la journ\u00e9e tricolore. La France rejoue \u00e0 16h25 contre l\u2019Autriche, battue par le Canada (15-20) et outsider sur le papier.<\/p>\n<p class=\"fig-paragraph\">La France, championne du monde en 2022 et finaliste en 2023, reste sur un cuisant \u00e9chec aux JO de Paris, n\u2019ayant pas d\u00e9pass\u00e9 le premier tour. Parmi les quatre olympiennes,\u00a0<a href=\"http:\/\/www.lefigaro.fr\/sports\/basket\/basket-3x3-la-france-avec-seguela-a-la-coupe-du-monde-sans-guapo-20250616\" data-fig-type=\"NewsFlash\" data-gtm-custom-categorie=\"navigation\" data-gtm-custom-action=\"crossclick\" data-gtm-custom-label=\"Contextuel\" data-gtm-event=\"customEventSPE\" data-fig-domain=\"LEFIGARO\" target=\"_blank\" rel=\"noopener\">seule Hortense Limouzin a \u00e9t\u00e9 rappel\u00e9e<\/a>\u00a0par le nouveau s\u00e9lectionneur, Fran\u00e7ois Brisson. L\u2019\u00e9quipe de France masculine, m\u00e9daill\u00e9e d\u2019argent aux Jeux, lancera sa Coupe du monde sur le m\u00eame terrain mardi (11h35) avec un match, l\u00e0 aussi, contre l\u2019Autriche.<\/p>\n","protected":false},"excerpt":{"rendered":"L\u2019\u00e9quipe de France f\u00e9minine de basket 3&#215;3 a r\u00e9ussi son entr\u00e9e en lice en Coupe du monde, lundi&hellip;\n","protected":false},"author":2,"featured_media":198306,"comment_status":"","ping_status":"","sticky":false,"template":"","format":"standard","meta":{"footnotes":""},"categories":[1412],"tags":[2190,1465,1464,2180,2192,814,64,450,2183,1451,1452,1453,1454,1455,1011,27,2191,2193,820,2181,2182,2189,2186,2184,2185,1980,60,2188,2187],"class_list":{"0":"post-198305","1":"post","2":"type-post","3":"status-publish","4":"format-standard","5":"has-post-thumbnail","7":"category-f1","8":"tag-asvel","9":"tag-basket","10":"tag-basketball","11":"tag-championnats-deurope","12":"tag-cholet","13":"tag-direct","14":"tag-equipe-de-france","15":"tag-euro","16":"tag-euroligue","17":"tag-f1","18":"tag-formula-1","19":"tag-formula1","20":"tag-formule-1","21":"tag-formule1","22":"tag-fr","23":"tag-france","24":"tag-le-mans","25":"tag-limoges","26":"tag-live","27":"tag-mondial","28":"tag-nba","29":"tag-photos","30":"tag-play-offs","31":"tag-pro-a","32":"tag-pro-b","33":"tag-resultats","34":"tag-sports","35":"tag-statistiques","36":"tag-stats"},"share_on_mastodon":{"url":"https:\/\/pubeurope.com\/@fr\/114733048356367106","error":""},"_links":{"self":[{"href":"https:\/\/www.europesays.com\/fr\/wp-json\/wp\/v2\/posts\/198305","targetHints":{"allow":["GET"]}}],"collection":[{"href":"https:\/\/www.europesays.com\/fr\/wp-json\/wp\/v2\/posts"}],"about":[{"href":"https:\/\/www.europesays.com\/fr\/wp-json\/wp\/v2\/types\/post"}],"author":[{"embeddable":true,"href":"https:\/\/www.europesays.com\/fr\/wp-json\/wp\/v2\/users\/2"}],"replies":[{"embeddable":true,"href":"https:\/\/www.europesays.com\/fr\/wp-json\/wp\/v2\/comments?post=198305"}],"version-history":[{"count":0,"href":"https:\/\/www.europesays.com\/fr\/wp-json\/wp\/v2\/posts\/198305\/revisions"}],"wp:featuredmedia":[{"embeddable":true,"href":"https:\/\/www.europesays.com\/fr\/wp-json\/wp\/v2\/media\/198306"}],"wp:attachment":[{"href":"https:\/\/www.europesays.com\/fr\/wp-json\/wp\/v2\/media?parent=198305"}],"wp:term":[{"taxonomy":"category","embeddable":true,"href":"https:\/\/www.europesays.com\/fr\/wp-json\/wp\/v2\/categories?post=198305"},{"taxonomy":"post_tag","embeddable":true,"href":"https:\/\/www.europesays.com\/fr\/wp-json\/wp\/v2\/tags?post=198305"}],"curies":[{"name":"wp","href":"https:\/\/api.w.org\/{rel}","templated":true}]}}