{"id":198311,"date":"2025-06-23T14:04:09","date_gmt":"2025-06-23T14:04:09","guid":{"rendered":"https:\/\/www.europesays.com\/fr\/198311\/"},"modified":"2025-06-23T14:04:09","modified_gmt":"2025-06-23T14:04:09","slug":"ezra-miller-prepare-son-retour-apres-deux-ans-dabsence-et-de-multiples-affaires-judiciaires","status":"publish","type":"post","link":"https:\/\/www.europesays.com\/fr\/198311\/","title":{"rendered":"Ezra Miller pr\u00e9pare son retour apr\u00e8s deux ans d\u2019absence et de multiples affaires judiciaires"},"content":{"rendered":"<p>        <img decoding=\"async\" loading=\"lazy\" src=\"https:\/\/www.europesays.com\/fr\/wp-content\/uploads\/2025\/06\/fe061c6_1660035549319-62f221cd230000040330b75b.jpeg\"  width=\"728\" height=\"410\" alt=\"Ezra Miller \u00e0 New York, le 14 novembre 2019.\"\/>  <\/p>\n<p>Taylor Hill \/ FilmMagic<\/p>\n<p>Ezra Miller \u00e0 New York, le 14 novembre 2019.<\/p>\n<p class=\"asset asset-text\">CIN\u00c9MA &#8211; Bient\u00f4t un retour sur grand \u00e9cran\u00a0? Depuis plusieurs ann\u00e9es, Ezra Miller fait la Une de l\u2019actualit\u00e9 pour ses nombreux <a href=\"https:\/\/www.huffingtonpost.fr\/justice\/article\/ezra-miller-accuse-d-avoir-commis-un-cambriolage_206382.html\" target=\"_blank\" rel=\"noopener\">scandales judiciaires<\/a> et non pour ses performances <a href=\"https:\/\/www.huffingtonpost.fr\/culture\/video\/elio-de-pixar-va-faire-rire-les-enfants-mais-nous-on-a-surtout-beaucoup-pleure-clx1_251261.html\" target=\"_blank\" rel=\"noopener\">au cin\u00e9ma<\/a>. L\u2019acteur de 32\u00a0ans envisage cependant de retourner \u00e0 Hollywood \u00ab\u00a0provisoirement\u00a0\u00bb avec un projet <a href=\"https:\/\/www.huffingtonpost.fr\/divertissement\/article\/de-quoi-parle-a-bout-le-thriller-numero-1-sur-netflix-partout-dans-le-monde-clx1_251568.html\" target=\"_blank\" rel=\"noopener\">de film<\/a> dans lequel il tient le r\u00f4le principal.<\/p>\n<p class=\"asset asset-text\">L\u2019acteur des Animaux Fantastiques et de The Flash a \u00e9t\u00e9 aper\u00e7u au Festival de Cannes cette ann\u00e9e, \u00e0 l\u2019occasion de la premi\u00e8re mondiale de <a href=\"https:\/\/www.huffingtonpost.fr\/culture\/article\/au-festival-de-cannes-jennifer-lawrence-magistrale-dans-die-my-love-mais-on-a-failli-sortir-avant-la-fin_250179.html\" target=\"_blank\" rel=\"noopener\" title=\"Nouvelle fen\u00eatre\">Die My Love<\/a>. Le film a \u00e9t\u00e9 r\u00e9alis\u00e9 par Lynne Ramsay qu\u2019il consid\u00e8re comme \u00ab\u00a0l\u2019une de mes plus proches amies et l\u2019une des plus grandes cin\u00e9astes vivantes.\u00a0\u00bb Quatorze ans apr\u00e8s la sortie du film We Need To Talk About Kevin sur lequel ils avaient collabor\u00e9, Ezra Miller est pr\u00eat reprendre le fil de son histoire avec la r\u00e9alisatrice. \u00ab\u00a0Je travaille \u00e0 nouveau avec elle, et ce sera probablement ce projet qui signera mon retour\u00a0: un film que nous \u00e9crivons ensemble\u00a0\u00bb, a-t-il annonc\u00e9 le 19\u00a0juin au journal italien <a href=\"https:\/\/www.youtube.com\/watch?v=8JpjwDssJc0&amp;t=167s\" target=\"_blank\" rel=\"noopener\" title=\"Nouvelle fen\u00eatre\">Lo Speciale Giornale<\/a>.<\/p>\n<p class=\"asset asset-text\">Ezra Miller est aussi revenu au cours de cette interview sur sa pr\u00e9sence \u00e0 Cannes, une \u00ab\u00a0\u00e9tape de retour difficile \u00e0 franchir\u00a0\u00bb mais qu\u2019il avait d\u00e9cid\u00e9 d\u2019op\u00e9rer justement \u00e0 la demande de la r\u00e9alisatrice britannique en comp\u00e9tition pour son film sur le post-partum avec Jennifer Lawrence et Robert Pattinson.<\/p>\n<p>    Ezra Miller dans le viseur de la justice    <\/p>\n<p class=\"asset asset-text\">L\u2019acteur a tristement fait parler de lui ces derni\u00e8res ann\u00e9es, mis en cause dans plusieurs affaires judiciaires. La premi\u00e8re remonte \u00e0 2020\u00a0en Islande, lorsqu\u2019il a \u00e9t\u00e9 aper\u00e7u dans une vid\u00e9o en train d\u2019\u00e9trangler une jeune femme, avant de la projeter par terre. En 2021, il a \u00e9t\u00e9 arr\u00eat\u00e9 deux fois \u00e0 Hawa\u00ef\u00a0: pour comportement inappropri\u00e9 et harc\u00e8lement dans un karaok\u00e9 et pour agression. En ao\u00fbt\u00a02022, il a \u00e9t\u00e9 arr\u00eat\u00e9 pour cambriolage.<\/p>\n<p> La lecture de ce contenu est susceptible d\u2019entra\u00eener un d\u00e9p\u00f4t de cookies de la part de l\u2019op\u00e9rateur tiers qui l\u2019h\u00e9berge. Compte-tenu des choix que vous avez exprim\u00e9s en mati\u00e8re de d\u00e9p\u00f4t de cookies, nous avons bloqu\u00e9 l\u2019affichage de ce contenu. Si vous souhaitez y acc\u00e9der, vous devez accepter la cat\u00e9gorie de cookies \u201cContenus tiers\u201d en cliquant sur le bouton ci-dessous. <\/p>\n<p> Lire la Vid\u00e9o              <\/p>\n<p class=\"asset asset-text\">En 2022, le com\u00e9dien a \u00e9galement \u00e9t\u00e9 accus\u00e9 de \u00ab\u00a0grooming\u00a0\u00bb, c\u2019est-\u00e0-dire de s\u2019\u00eatre rapproch\u00e9 virtuellement d\u2019une enfant de 12\u00a0ans dans le but de l\u2019abuser sexuellement. Il avait \u00e9cop\u00e9 d\u2019une ordonnance d\u2019\u00e9loignement. Ordonnance qu\u2019un tribunal am\u00e9ricain a finalement retir\u00e9e.<\/p>\n<p class=\"asset asset-text\">Au cours de son interview avec le quotidien italien, l\u2019acteur a d\u00e9clar\u00e9 \u00e9prouver \u00ab\u00a0beaucoup de remords et de regrets\u00a0\u00bb pour ses actes pass\u00e9s, mais il a confi\u00e9 \u00eatre \u00ab\u00a0reconnaissant\u00a0\u00bb des le\u00e7ons personnelles qu\u2019il en a pu tirer.<\/p>\n<p class=\"asset asset-text\">Ezra Miller n\u2019est pas apparu au cin\u00e9ma depuis The Flash d\u2019Andy Muschietti en 2023. Il devrait donc \u00eatre la t\u00eate d\u2019affiche d\u2019un film de vampires r\u00e9alis\u00e9 par Lynne Ramsay. Le 20\u00a0mai dernier, la r\u00e9alisatrice en comp\u00e9tition \u00e0 Cannes \u00e9tait revenue aupr\u00e8s du <a href=\"https:\/\/www.latimes.com\/entertainment-arts\/movies\/story\/2025-05-20\/lynne-ramsay-die-my-love-cannes-2025\" target=\"_blank\" rel=\"noopener\" title=\"Nouvelle fen\u00eatre\">Los Angeles Times<\/a> sur ce nouveau projet. \u00ab\u00a0Ce sera avec Ezra Miller qui \u00e9tait dans We Need To Talk About Kevin. Il sera le personnage principal. C\u2019est en cours de d\u00e9veloppement\u00a0\u00bb.<\/p>\n","protected":false},"excerpt":{"rendered":"Taylor Hill \/ FilmMagic Ezra Miller \u00e0 New York, le 14 novembre 2019. CIN\u00c9MA &#8211; Bient\u00f4t un retour&hellip;\n","protected":false},"author":2,"featured_media":198312,"comment_status":"","ping_status":"","sticky":false,"template":"","format":"standard","meta":{"footnotes":""},"categories":[1359],"tags":[253,650,251,58,59,2081,1011,27,973],"class_list":{"0":"post-198311","1":"post","2":"type-post","3":"status-publish","4":"format-standard","5":"has-post-thumbnail","7":"category-people","8":"tag-acteur","9":"tag-cinema","10":"tag-culture","11":"tag-divertissement","12":"tag-entertainment","13":"tag-film","14":"tag-fr","15":"tag-france","16":"tag-people"},"share_on_mastodon":{"url":"https:\/\/pubeurope.com\/@fr\/114733060172660139","error":""},"_links":{"self":[{"href":"https:\/\/www.europesays.com\/fr\/wp-json\/wp\/v2\/posts\/198311","targetHints":{"allow":["GET"]}}],"collection":[{"href":"https:\/\/www.europesays.com\/fr\/wp-json\/wp\/v2\/posts"}],"about":[{"href":"https:\/\/www.europesays.com\/fr\/wp-json\/wp\/v2\/types\/post"}],"author":[{"embeddable":true,"href":"https:\/\/www.europesays.com\/fr\/wp-json\/wp\/v2\/users\/2"}],"replies":[{"embeddable":true,"href":"https:\/\/www.europesays.com\/fr\/wp-json\/wp\/v2\/comments?post=198311"}],"version-history":[{"count":0,"href":"https:\/\/www.europesays.com\/fr\/wp-json\/wp\/v2\/posts\/198311\/revisions"}],"wp:featuredmedia":[{"embeddable":true,"href":"https:\/\/www.europesays.com\/fr\/wp-json\/wp\/v2\/media\/198312"}],"wp:attachment":[{"href":"https:\/\/www.europesays.com\/fr\/wp-json\/wp\/v2\/media?parent=198311"}],"wp:term":[{"taxonomy":"category","embeddable":true,"href":"https:\/\/www.europesays.com\/fr\/wp-json\/wp\/v2\/categories?post=198311"},{"taxonomy":"post_tag","embeddable":true,"href":"https:\/\/www.europesays.com\/fr\/wp-json\/wp\/v2\/tags?post=198311"}],"curies":[{"name":"wp","href":"https:\/\/api.w.org\/{rel}","templated":true}]}}