{"id":198325,"date":"2025-06-23T14:11:08","date_gmt":"2025-06-23T14:11:08","guid":{"rendered":"https:\/\/www.europesays.com\/fr\/198325\/"},"modified":"2025-06-23T14:11:08","modified_gmt":"2025-06-23T14:11:08","slug":"mondial-des-clubs-cest-chaud-tf1-refuse-de-diffuser-le-choc-seattle-psg","status":"publish","type":"post","link":"https:\/\/www.europesays.com\/fr\/198325\/","title":{"rendered":"Mondial des Clubs : C&rsquo;est chaud, TF1 refuse de diffuser le choc Seattle-PSG"},"content":{"rendered":"<p data-testid=\"article-teaser\">Match couperet, audience id\u00e9ale : pourtant TF1 dit non \u00e0 Seattle-PSG. La raison ? Un pari \u00e9ditorial d\u00e9sormais bouscul\u00e9.<\/p>\n<p>\u00c0 quelques heures d\u2019un duel d\u00e9cisif, les fans parisiens d\u00e9couvrent qu\u2019ils devront passer par autre cha\u00eene plut\u00f4t que TF1 pour suivre la derni\u00e8re rencontre de groupe du champion d\u2019Europe. Explications sur ce choix inattendu.<\/p>\n<p>L&rsquo;article continue ci-dessous<\/p>\n","protected":false},"excerpt":{"rendered":"Match couperet, audience id\u00e9ale : pourtant TF1 dit non \u00e0 Seattle-PSG. La raison ? Un pari \u00e9ditorial d\u00e9sormais&hellip;\n","protected":false},"author":2,"featured_media":198326,"comment_status":"","ping_status":"","sticky":false,"template":"","format":"standard","meta":{"footnotes":""},"categories":[9],"tags":[29295,33802,32737,18645,28918,1011,27,91,33582,33583,60],"class_list":{"0":"post-198325","1":"post","2":"type-post","3":"status-publish","4":"format-standard","5":"has-post-thumbnail","7":"category-sports","8":"tag-atletico-madrid","9":"tag-atletico-madrid-vs-botafogo-rj","10":"tag-botafogo-rj","11":"tag-coupe-du-monde-des-clubs-fifa","12":"tag-fifa-club-world-cup","13":"tag-fr","14":"tag-france","15":"tag-paris-saint-germain","16":"tag-seattle-sounders-fc","17":"tag-seattle-sounders-fc-vs-paris-saint-germain","18":"tag-sports"},"share_on_mastodon":{"url":"https:\/\/pubeurope.com\/@fr\/114733087791950979","error":""},"_links":{"self":[{"href":"https:\/\/www.europesays.com\/fr\/wp-json\/wp\/v2\/posts\/198325","targetHints":{"allow":["GET"]}}],"collection":[{"href":"https:\/\/www.europesays.com\/fr\/wp-json\/wp\/v2\/posts"}],"about":[{"href":"https:\/\/www.europesays.com\/fr\/wp-json\/wp\/v2\/types\/post"}],"author":[{"embeddable":true,"href":"https:\/\/www.europesays.com\/fr\/wp-json\/wp\/v2\/users\/2"}],"replies":[{"embeddable":true,"href":"https:\/\/www.europesays.com\/fr\/wp-json\/wp\/v2\/comments?post=198325"}],"version-history":[{"count":0,"href":"https:\/\/www.europesays.com\/fr\/wp-json\/wp\/v2\/posts\/198325\/revisions"}],"wp:featuredmedia":[{"embeddable":true,"href":"https:\/\/www.europesays.com\/fr\/wp-json\/wp\/v2\/media\/198326"}],"wp:attachment":[{"href":"https:\/\/www.europesays.com\/fr\/wp-json\/wp\/v2\/media?parent=198325"}],"wp:term":[{"taxonomy":"category","embeddable":true,"href":"https:\/\/www.europesays.com\/fr\/wp-json\/wp\/v2\/categories?post=198325"},{"taxonomy":"post_tag","embeddable":true,"href":"https:\/\/www.europesays.com\/fr\/wp-json\/wp\/v2\/tags?post=198325"}],"curies":[{"name":"wp","href":"https:\/\/api.w.org\/{rel}","templated":true}]}}