{"id":198327,"date":"2025-06-23T14:12:11","date_gmt":"2025-06-23T14:12:11","guid":{"rendered":"https:\/\/www.europesays.com\/fr\/198327\/"},"modified":"2025-06-23T14:12:11","modified_gmt":"2025-06-23T14:12:11","slug":"hellfest-2025-linkin-park-en-apotheose-cypress-hill-en-petard-le-recit-du-4e-et-dernier-jour","status":"publish","type":"post","link":"https:\/\/www.europesays.com\/fr\/198327\/","title":{"rendered":"Hellfest 2025\u00a0: Linkin Park en apoth\u00e9ose, Cypress Hill en p\u00e9tard\u2026 Le r\u00e9cit du 4e et dernier jour"},"content":{"rendered":"<p class=\"paragraph text_align_left lp-f-body-02\">Quand <b>Linkin Park<\/b> monte sur sc\u00e8ne, la foule est dense mais pas massive. Son leader, Mike Shinoda, demande qui n\u2019a jamais vu le groupe avant. Aux mains lev\u00e9es, on a l\u2019impression que c\u2019est le cas de presque tous les festivaliers. \u00ab Merci de nous accueillir \u00bb, sourit-il. Le d\u00e9but du concert est \u00e9nergique mais le son est fluctuant et la chanteuse, sous ses lunettes noires, un peu timor\u00e9e.<\/p>\n","protected":false},"excerpt":{"rendered":"Quand Linkin Park monte sur sc\u00e8ne, la foule est dense mais pas massive. Son leader, Mike Shinoda, demande&hellip;\n","protected":false},"author":2,"featured_media":198328,"comment_status":"","ping_status":"","sticky":false,"template":"","format":"standard","meta":{"footnotes":""},"categories":[8],"tags":[1687,58,59,1011,27,16501,873],"class_list":{"0":"post-198327","1":"post","2":"type-post","3":"status-publish","4":"format-standard","5":"has-post-thumbnail","7":"category-divertissement","8":"tag-culture-loisirs","9":"tag-divertissement","10":"tag-entertainment","11":"tag-fr","12":"tag-france","13":"tag-hellfest","14":"tag-musique"},"share_on_mastodon":{"url":"https:\/\/pubeurope.com\/@fr\/114733091666401099","error":""},"_links":{"self":[{"href":"https:\/\/www.europesays.com\/fr\/wp-json\/wp\/v2\/posts\/198327","targetHints":{"allow":["GET"]}}],"collection":[{"href":"https:\/\/www.europesays.com\/fr\/wp-json\/wp\/v2\/posts"}],"about":[{"href":"https:\/\/www.europesays.com\/fr\/wp-json\/wp\/v2\/types\/post"}],"author":[{"embeddable":true,"href":"https:\/\/www.europesays.com\/fr\/wp-json\/wp\/v2\/users\/2"}],"replies":[{"embeddable":true,"href":"https:\/\/www.europesays.com\/fr\/wp-json\/wp\/v2\/comments?post=198327"}],"version-history":[{"count":0,"href":"https:\/\/www.europesays.com\/fr\/wp-json\/wp\/v2\/posts\/198327\/revisions"}],"wp:featuredmedia":[{"embeddable":true,"href":"https:\/\/www.europesays.com\/fr\/wp-json\/wp\/v2\/media\/198328"}],"wp:attachment":[{"href":"https:\/\/www.europesays.com\/fr\/wp-json\/wp\/v2\/media?parent=198327"}],"wp:term":[{"taxonomy":"category","embeddable":true,"href":"https:\/\/www.europesays.com\/fr\/wp-json\/wp\/v2\/categories?post=198327"},{"taxonomy":"post_tag","embeddable":true,"href":"https:\/\/www.europesays.com\/fr\/wp-json\/wp\/v2\/tags?post=198327"}],"curies":[{"name":"wp","href":"https:\/\/api.w.org\/{rel}","templated":true}]}}