{"id":198333,"date":"2025-06-23T14:15:11","date_gmt":"2025-06-23T14:15:11","guid":{"rendered":"https:\/\/www.europesays.com\/fr\/198333\/"},"modified":"2025-06-23T14:15:11","modified_gmt":"2025-06-23T14:15:11","slug":"un-sommet-de-lotan-ce-mardi-des-degats-monumentaux-des-bases-militaires-americaines-au-moyen-orient-suivez-notre-direct-sur-la-guerre-entre-liran-et-israel","status":"publish","type":"post","link":"https:\/\/www.europesays.com\/fr\/198333\/","title":{"rendered":"Un sommet de l&rsquo;OTAN ce mardi, des d\u00e9g\u00e2ts \u00ab\u00a0monumentaux\u00a0\u00bb, des bases militaires am\u00e9ricaines au Moyen-Orient&#8230; suivez notre direct sur la guerre entre l&rsquo;Iran et Isra\u00ebl"},"content":{"rendered":"<p>                                &#13;<\/p>\n<p data-start=\"0\" data-end=\"883\" data-is-last-node=\"\" data-is-only-node=\"\">Apr\u00e8s les frappes am\u00e9ricaines en Iran, Emmanuel Macron appelle \u00e0 la d\u00e9sescalade et au retour du dialogue pour \u00e9viter une crise incontr\u00f4l\u00e9e au Moyen-Orient.<\/p>\n<p data-start=\"0\" data-end=\"883\" data-is-last-node=\"\" data-is-only-node=\"\">En parall\u00e8le, les cours du p\u00e9trole bondissent, les march\u00e9s redoutant une perturbation majeure de l\u2019approvisionnement via le d\u00e9troit d\u2019Ormuz.<\/p>\n<p data-start=\"0\" data-end=\"883\" data-is-last-node=\"\" data-is-only-node=\"\">La France organise le rapatriement de ses ressortissants d\u2019Isra\u00ebl, mobilisant des vols militaires et civils.<\/p>\n<p data-start=\"0\" data-end=\"883\" data-is-last-node=\"\" data-is-only-node=\"\">L\u2019Iran menace les bases am\u00e9ricaines dans la r\u00e9gion, o\u00f9 Washington maintient une pr\u00e9sence militaire massive (Bahre\u00efn, Irak, Syrie, Kowe\u00eft, Qatar, \u00c9mirats).<\/p>\n<p data-start=\"0\" data-end=\"883\" data-is-last-node=\"\" data-is-only-node=\"\">Dans ce contexte de tension, les Pays-Bas s&rsquo;appr\u00eatent \u00e0 accueillir un sommet de l\u2019Otan \u00e0 La Haye, le plus gros \u00e9v\u00e9nement s\u00e9curitaire de leur histoire, malgr\u00e9 la chute r\u00e9cente de leur gouvernement. Plus d\u2019un million d\u2019euros par minute sont d\u00e9pens\u00e9s, 27 000 policiers mobilis\u00e9s, et la venue de Donald Trump reste incertaine.<\/p>\n<p>&#13;<\/p>\n<p>Suivez notre live ci-dessous pour suivre les derniers d\u00e9veloppements de cette guerre et ses cons\u00e9quences dans le monde entier.<\/p>\n<p>Si vous n&rsquo;arrivez pas \u00e0 lire notre direct ou que vous \u00eates sur mobile, <a href=\"https:\/\/www.24liveblog.com\/live\/Gw4YV\" target=\"_blank\" rel=\"noopener\">cliquez ici<\/a>.\u00a0<\/p><\/p>\n","protected":false},"excerpt":{"rendered":"&#13; Apr\u00e8s les frappes am\u00e9ricaines en Iran, Emmanuel Macron appelle \u00e0 la d\u00e9sescalade et au retour du dialogue&hellip;\n","protected":false},"author":2,"featured_media":198334,"comment_status":"","ping_status":"","sticky":false,"template":"","format":"standard","meta":{"footnotes":""},"categories":[5],"tags":[11,10411,1011,27,14,12,28],"class_list":{"0":"post-198333","1":"post","2":"type-post","3":"status-publish","4":"format-standard","5":"has-post-thumbnail","7":"category-international","8":"tag-actualites","9":"tag-conflits","10":"tag-fr","11":"tag-france","12":"tag-international","13":"tag-news","14":"tag-world"},"share_on_mastodon":{"url":"https:\/\/pubeurope.com\/@fr\/114733103448259127","error":""},"_links":{"self":[{"href":"https:\/\/www.europesays.com\/fr\/wp-json\/wp\/v2\/posts\/198333","targetHints":{"allow":["GET"]}}],"collection":[{"href":"https:\/\/www.europesays.com\/fr\/wp-json\/wp\/v2\/posts"}],"about":[{"href":"https:\/\/www.europesays.com\/fr\/wp-json\/wp\/v2\/types\/post"}],"author":[{"embeddable":true,"href":"https:\/\/www.europesays.com\/fr\/wp-json\/wp\/v2\/users\/2"}],"replies":[{"embeddable":true,"href":"https:\/\/www.europesays.com\/fr\/wp-json\/wp\/v2\/comments?post=198333"}],"version-history":[{"count":0,"href":"https:\/\/www.europesays.com\/fr\/wp-json\/wp\/v2\/posts\/198333\/revisions"}],"wp:featuredmedia":[{"embeddable":true,"href":"https:\/\/www.europesays.com\/fr\/wp-json\/wp\/v2\/media\/198334"}],"wp:attachment":[{"href":"https:\/\/www.europesays.com\/fr\/wp-json\/wp\/v2\/media?parent=198333"}],"wp:term":[{"taxonomy":"category","embeddable":true,"href":"https:\/\/www.europesays.com\/fr\/wp-json\/wp\/v2\/categories?post=198333"},{"taxonomy":"post_tag","embeddable":true,"href":"https:\/\/www.europesays.com\/fr\/wp-json\/wp\/v2\/tags?post=198333"}],"curies":[{"name":"wp","href":"https:\/\/api.w.org\/{rel}","templated":true}]}}