{"id":198343,"date":"2025-06-23T14:20:08","date_gmt":"2025-06-23T14:20:08","guid":{"rendered":"https:\/\/www.europesays.com\/fr\/198343\/"},"modified":"2025-06-23T14:20:08","modified_gmt":"2025-06-23T14:20:08","slug":"20-femmes-victimes-de-piqures-une-enquete-en-cours","status":"publish","type":"post","link":"https:\/\/www.europesays.com\/fr\/198343\/","title":{"rendered":"20 femmes victimes de piq\u00fbres, une enqu\u00eate en cours"},"content":{"rendered":"<p>            Par<br \/>\n        <strong><br \/>\n            <a href=\"https:\/\/actu.fr\/auteur\/pierre-emile-bouchy-actu-fr\" title=\"Consulter tous les articles de Paul-Emile Bouchy\" target=\"_blank\" rel=\"noopener\">Paul-Emile Bouchy<\/a><br \/>\n        <\/strong><\/p>\n<p>        Publi\u00e9 le<\/p>\n<p>            23 juin 2025 \u00e0 16h14        <\/p>\n<p>En France, <a href=\"https:\/\/actu.fr\/faits-divers\/un-mort-300-piqures-et-autant-d-interpellations-le-bilan-des-debordements-lors-de-la-fete-de-la-musique_62807889.html\" target=\"_blank\" rel=\"noopener\">145 victimes de piq\u00fbres<\/a> ont \u00e9t\u00e9 recens\u00e9es durant la <a href=\"https:\/\/actu.fr\/tag\/fete-de-la-musique\" target=\"_blank\" rel=\"noopener\">f\u00eate de la musique<\/a> et ces actes ne se limitent pas \u00e0 Paris.<\/p>\n<p class=\" wall-content\">\u00c0 Metz, <a href=\"https:\/\/actu.fr\/grand-est\/metz_57463\/fete-de-la-musique-a-metz-17-jeunes-femmes-victimes-de-piqures-ce-que-l-on-sait_62809446.html\" target=\"_blank\" rel=\"noopener\">17 jeunes femmes<\/a> ont \u00e9t\u00e9 piqu\u00e9es. \u00c0 <a href=\"https:\/\/actu.fr\/grand-est\/nancy_54395\" target=\"_blank\" rel=\"noopener\">Nancy<\/a>, <strong>20 femmes ont \u00e9t\u00e9 agress\u00e9es<\/strong>, selon la pr\u00e9fecture de Meurthe-et-Moselle.<\/p>\n<p>Des femmes conduites aux urgences apr\u00e8s avoir \u00e9t\u00e9 piqu\u00e9es<\/p>\n<p class=\" wall-content\">D\u2019apr\u00e8s la pr\u00e9fecture, jointe par t\u00e9l\u00e9phone, ces femmes se sont pr\u00e9sent\u00e9es \u00e0 des postes de secours install\u00e9s pour l\u2019occasion dans le centre-ville de Nancy en <strong>indiquant avoir \u00e9t\u00e9 piqu\u00e9es par des seringues<\/strong>.<\/p>\n<p class=\" wall-content\">\u00ab\u2009Sur place, un agent des forces de l\u2019ordre \u00e9tait pr\u00e9sent pour recueillir les \u00e9l\u00e9ments en vue d\u2019une pr\u00e9-plainte. Les secours proposaient aussi aux victimes de les transporter aux urgences ou d\u2019y aller par leurs propres moyens\u2009\u00bb, ajoute la pr\u00e9fecture. Ainsi,<strong> trois victimes y ont \u00e9t\u00e9 conduites en v\u00e9hicule d\u2019urgence<\/strong> et <strong>dix s\u2019y sont rendues seules<\/strong>. \u00c0 ce jour, <strong>deux ont d\u00e9pos\u00e9 plainte<\/strong>.<\/p>\n<p class=\" wall-content\">Une enqu\u00eate a \u00e9t\u00e9 ouverte pour identifier le ou les auteurs de ces agressions \u00e0 la seringue.<\/p>\n<p>Vid\u00e9os : en ce moment sur Actu<\/p>\n<p class=\" wall-content\">Suivez toute l\u2019actualit\u00e9 de vos villes et m\u00e9dias favoris en vous inscrivant \u00e0 <a href=\"https:\/\/moncompte.actu.fr\" title=\"D\u00e9couvez Mon Actu\" rel=\"nofollow noopener\" data-trk=\"{&quot;cta&quot;:{&quot;action&quot;:&quot;https:\\\/\\\/moncompte.actu.fr&quot;,&quot;category&quot;:&quot;mon compte&quot;,&quot;from&quot;:&quot;article footer&quot;,&quot;name&quot;:&quot;Mon actu&quot;,&quot;type&quot;:&quot;cta&quot;}}\" target=\"_blank\">Mon Actu<\/a>.<\/p>\n","protected":false},"excerpt":{"rendered":"Par Paul-Emile Bouchy Publi\u00e9 le 23 juin 2025 \u00e0 16h14 En France, 145 victimes de piq\u00fbres ont \u00e9t\u00e9&hellip;\n","protected":false},"author":2,"featured_media":198344,"comment_status":"","ping_status":"","sticky":false,"template":"","format":"standard","meta":{"footnotes":""},"categories":[9635],"tags":[1111,11,1777,674,118,25885,1011,27,775,1702,12,25],"class_list":{"0":"post-198343","1":"post","2":"type-post","3":"status-publish","4":"format-standard","5":"has-post-thumbnail","7":"category-nancy","8":"tag-actu","9":"tag-actualites","10":"tag-eu","11":"tag-europe","12":"tag-faits-divers","13":"tag-fete-de-la-musique","14":"tag-fr","15":"tag-france","16":"tag-grand-est","17":"tag-nancy","18":"tag-news","19":"tag-republique-francaise"},"share_on_mastodon":{"url":"https:\/\/pubeurope.com\/@fr\/114733123236356771","error":""},"_links":{"self":[{"href":"https:\/\/www.europesays.com\/fr\/wp-json\/wp\/v2\/posts\/198343","targetHints":{"allow":["GET"]}}],"collection":[{"href":"https:\/\/www.europesays.com\/fr\/wp-json\/wp\/v2\/posts"}],"about":[{"href":"https:\/\/www.europesays.com\/fr\/wp-json\/wp\/v2\/types\/post"}],"author":[{"embeddable":true,"href":"https:\/\/www.europesays.com\/fr\/wp-json\/wp\/v2\/users\/2"}],"replies":[{"embeddable":true,"href":"https:\/\/www.europesays.com\/fr\/wp-json\/wp\/v2\/comments?post=198343"}],"version-history":[{"count":0,"href":"https:\/\/www.europesays.com\/fr\/wp-json\/wp\/v2\/posts\/198343\/revisions"}],"wp:featuredmedia":[{"embeddable":true,"href":"https:\/\/www.europesays.com\/fr\/wp-json\/wp\/v2\/media\/198344"}],"wp:attachment":[{"href":"https:\/\/www.europesays.com\/fr\/wp-json\/wp\/v2\/media?parent=198343"}],"wp:term":[{"taxonomy":"category","embeddable":true,"href":"https:\/\/www.europesays.com\/fr\/wp-json\/wp\/v2\/categories?post=198343"},{"taxonomy":"post_tag","embeddable":true,"href":"https:\/\/www.europesays.com\/fr\/wp-json\/wp\/v2\/tags?post=198343"}],"curies":[{"name":"wp","href":"https:\/\/api.w.org\/{rel}","templated":true}]}}