{"id":198354,"date":"2025-06-23T14:26:14","date_gmt":"2025-06-23T14:26:14","guid":{"rendered":"https:\/\/www.europesays.com\/fr\/198354\/"},"modified":"2025-06-23T14:26:14","modified_gmt":"2025-06-23T14:26:14","slug":"musique-silence-et-lumiere-avec-le-choeur-de-chambre-de-rouen-en-concert-pres-de-dieppe","status":"publish","type":"post","link":"https:\/\/www.europesays.com\/fr\/198354\/","title":{"rendered":"Musique, silence et lumi\u00e8re avec le Ch\u0153ur de chambre de Rouen en concert pr\u00e8s de Dieppe"},"content":{"rendered":"<p>            Par<br \/>\n        <strong><br \/>\n            <a href=\"https:\/\/actu.fr\/auteur\/informations-dieppoises\" title=\"Consulter tous les articles de R\u00e9daction Dieppe\" rel=\"nofollow noopener\" target=\"_blank\">R\u00e9daction Dieppe<\/a><br \/>\n        <\/strong><\/p>\n<p>        Publi\u00e9 le<\/p>\n<p>            23 juin 2025 \u00e0 15h33        <\/p>\n<p>La municipalit\u00e9 d\u2019<a href=\"https:\/\/actu.fr\/normandie\/offranville_76482\" rel=\"nofollow noopener\" target=\"_blank\">Offranville (Seine-Maritime)<\/a> propose une immersion musicale in\u00e9dite avec le concert intitul\u00e9 Soundscapes du Ch\u0153ur de chambre de Rouen. Ce<b> voyage musical <\/b>hors des sentiers classiques aura lieu samedi 28\u00a0juin \u00e0 20 h 30 \u00e0 l\u2019\u00e9glise Saint-Ouen d\u2019Offranville.<\/p>\n<p class=\" wall-content\">Sous la <b>direction de Fr\u00e9d\u00e9ric Pineau<\/b>, le ch\u0153ur de chambre explorera les paysages sonores du monde \u00e0 travers un r\u00e9pertoire audacieux m\u00ealant musique vocale contemporaine et sonorit\u00e9s immersives.<\/p>\n<p>Une travers\u00e9e sensorielle<\/p>\n<p class=\" wall-content\">Con\u00e7u comme une travers\u00e9e sensorielle, Soundscapes invite le public dans des univers contrast\u00e9s o\u00f9 se c\u00f4toient myst\u00e8re, silence et lumi\u00e8re.<\/p>\n<p class=\" wall-content\">Ce concert promet une <b>exp\u00e9rience singuli\u00e8re <\/b>\u00e0 travers une fresque d\u2019\u00e9critures musicales et de couleurs harmoniques \u00e9voquant la sensibilit\u00e9 \u00e0 la nature et la confrontation aux \u00e9l\u00e9ments. Le public sera invit\u00e9 \u00e0 \u00e9couter autrement, \u00e0 ressentir la musique dans sa dimension la plus atmosph\u00e9rique.<\/p>\n<p>Vid\u00e9os : en ce moment sur Actu<\/p>\n<p>Concert samedi 28 juin 2025 \u00e0 20 h 30 \u00e0 l\u2019\u00e9glise Saint-Ouen d\u2019Offranville. Tarifs : de 12 \u20ac \u00e0 la gratuit\u00e9 pour les moins de 11 ans. Billetterie sur Internet : Billetweb\/soundscapes4.<\/p>\n<p class=\" wall-content\">Suivez toute l\u2019actualit\u00e9 de vos villes et m\u00e9dias favoris en vous inscrivant \u00e0 <a href=\"https:\/\/moncompte.actu.fr\" title=\"D\u00e9couvez Mon Actu\" rel=\"nofollow noopener\" data-trk=\"{&quot;cta&quot;:{&quot;action&quot;:&quot;https:\\\/\\\/moncompte.actu.fr&quot;,&quot;category&quot;:&quot;mon compte&quot;,&quot;from&quot;:&quot;article footer&quot;,&quot;name&quot;:&quot;Mon actu&quot;,&quot;type&quot;:&quot;cta&quot;}}\" target=\"_blank\">Mon Actu<\/a>.<\/p>\n","protected":false},"excerpt":{"rendered":"Par R\u00e9daction Dieppe Publi\u00e9 le 23 juin 2025 \u00e0 15h33 La municipalit\u00e9 d\u2019Offranville (Seine-Maritime) propose une immersion musicale&hellip;\n","protected":false},"author":2,"featured_media":198355,"comment_status":"","ping_status":"","sticky":false,"template":"","format":"standard","meta":{"footnotes":""},"categories":[9587],"tags":[1111,11,1697,1777,674,1011,27,1652,12,5161,25,9590],"class_list":{"0":"post-198354","1":"post","2":"type-post","3":"status-publish","4":"format-standard","5":"has-post-thumbnail","7":"category-rouen","8":"tag-actu","9":"tag-actualites","10":"tag-concert","11":"tag-eu","12":"tag-europe","13":"tag-fr","14":"tag-france","15":"tag-loisirs-culture","16":"tag-news","17":"tag-normandie","18":"tag-republique-francaise","19":"tag-rouen"},"share_on_mastodon":{"url":"https:\/\/pubeurope.com\/@fr\/114733146783161854","error":""},"_links":{"self":[{"href":"https:\/\/www.europesays.com\/fr\/wp-json\/wp\/v2\/posts\/198354","targetHints":{"allow":["GET"]}}],"collection":[{"href":"https:\/\/www.europesays.com\/fr\/wp-json\/wp\/v2\/posts"}],"about":[{"href":"https:\/\/www.europesays.com\/fr\/wp-json\/wp\/v2\/types\/post"}],"author":[{"embeddable":true,"href":"https:\/\/www.europesays.com\/fr\/wp-json\/wp\/v2\/users\/2"}],"replies":[{"embeddable":true,"href":"https:\/\/www.europesays.com\/fr\/wp-json\/wp\/v2\/comments?post=198354"}],"version-history":[{"count":0,"href":"https:\/\/www.europesays.com\/fr\/wp-json\/wp\/v2\/posts\/198354\/revisions"}],"wp:featuredmedia":[{"embeddable":true,"href":"https:\/\/www.europesays.com\/fr\/wp-json\/wp\/v2\/media\/198355"}],"wp:attachment":[{"href":"https:\/\/www.europesays.com\/fr\/wp-json\/wp\/v2\/media?parent=198354"}],"wp:term":[{"taxonomy":"category","embeddable":true,"href":"https:\/\/www.europesays.com\/fr\/wp-json\/wp\/v2\/categories?post=198354"},{"taxonomy":"post_tag","embeddable":true,"href":"https:\/\/www.europesays.com\/fr\/wp-json\/wp\/v2\/tags?post=198354"}],"curies":[{"name":"wp","href":"https:\/\/api.w.org\/{rel}","templated":true}]}}