{"id":19836,"date":"2025-04-12T13:03:19","date_gmt":"2025-04-12T13:03:19","guid":{"rendered":"https:\/\/www.europesays.com\/fr\/19836\/"},"modified":"2025-04-12T13:03:19","modified_gmt":"2025-04-12T13:03:19","slug":"toute-lactu-top-music-demandez-gratuitement-votre-carte-didentite-numerique","status":"publish","type":"post","link":"https:\/\/www.europesays.com\/fr\/19836\/","title":{"rendered":"Toute l&rsquo;actu Top Music &#8211; Demandez gratuitement votre carte d\u2019identit\u00e9 num\u00e9rique"},"content":{"rendered":"<p><img decoding=\"async\" class=\"\" style=\"width:100%\" src=\"https:\/\/www.europesays.com\/fr\/wp-content\/uploads\/2025\/04\/IMG_18841744291883208.webp.webp\" alt=\"La nouvelle carte est plus pratique \u00e0 ranger dans le portefeuille, mais surtout plus s\u00e9curis\u00e9e\"\/><\/p>\n<p>La nouvelle carte est plus pratique \u00e0 ranger dans le portefeuille, mais surtout plus s\u00e9curis\u00e9e<\/p>\n<p>Cr\u00e9dit : Top Music &#8211; CR<\/p>\n<p style=\"text-align: justify;\">Depuis le 2 ao\u00fbt 2021, tous les citoyens fran\u00e7ais d\u00e9posant une demande de nouvelle carte d\u2019identit\u00e9 recevaient une carte biom\u00e9trique, nouveau format et nouvelles fonctionnalit\u00e9s. L\u2019authentification et l\u2019identit\u00e9 peuvent \u00eatre\u00a0mieux identifi\u00e9es car la carte est s\u00e9curis\u00e9e par<strong> un code, ce qui vous prot\u00e8ge des piratages et des falsifications. <\/strong>La puce de la carte d\u2019identit\u00e9 biom\u00e9trique permet de stocker l<strong>\u2019\u00e9tat civil, le domicile, le num\u00e9ro de carte, l\u2019image num\u00e9ris\u00e9e de la photographie, ect.<\/strong><\/p>\n<p><strong>Remplacez-la gratuitement<\/strong><\/p>\n<p style=\"text-align: justify;\">Petite nouveaut\u00e9 : depuis d\u00e9but avril, vous pouvez faire une demande <strong>de mani\u00e8re anticip\u00e9e <\/strong>pour recevoir une carte d\u2019identit\u00e9 biom\u00e9trique, m\u00eame si votre ancienne carte n\u2019a pas encore expir\u00e9. La d\u00e9marche est gratuite et aussi tr\u00e8s pratique, car gr\u00e2ce \u00e0 votre nouvelle carte d\u2019identit\u00e9 biom\u00e9trique vous pourrez activer votre compte <strong>\u00ab France Identit\u00e9 \u00bb (uniquement pour les personnes majeures) <\/strong>pour d\u00e9mat\u00e9rialiser vos titres d\u2019identit\u00e9 et faciliter vos d\u00e9marches administratives (vote par procuration, inscription \u00e0 la cr\u00e8che, ect.).<\/p>\n<p><strong>Pour faire la d\u00e9marche, <a href=\"https:\/\/passeport.ants.gouv.fr\/demarches-en-ligne\/effectuer-le-renouvellement-de-votre-carte-didentite\" rel=\"noopener nofollow\" target=\"_blank\">cliquez sur ce lien et choisissez l\u2019option \u00ab Renouvellement pour identit\u00e9 num\u00e9rique \u00bb.<\/a><\/strong><\/p>\n","protected":false},"excerpt":{"rendered":"La nouvelle carte est plus pratique \u00e0 ranger dans le portefeuille, mais surtout plus s\u00e9curis\u00e9e Cr\u00e9dit : Top&hellip;\n","protected":false},"author":2,"featured_media":19837,"comment_status":"","ping_status":"","sticky":false,"template":"","format":"standard","meta":{"footnotes":""},"categories":[1355],"tags":[2389,6763,7649,7650,58,59,1011,3844,27,7652,5893,7651,1361,873,198,4125],"class_list":{"0":"post-19836","1":"post","2":"type-post","3":"status-publish","4":"format-standard","5":"has-post-thumbnail","7":"category-musique","8":"tag-alsace","9":"tag-appli","10":"tag-carte-didentite","11":"tag-demande","12":"tag-divertissement","13":"tag-entertainment","14":"tag-fr","15":"tag-francais","16":"tag-france","17":"tag-france-identite","18":"tag-identite","19":"tag-identites","20":"tag-music","21":"tag-musique","22":"tag-naissance","23":"tag-numerique"},"share_on_mastodon":{"url":"https:\/\/pubeurope.com\/@fr\/114325133913337532","error":""},"_links":{"self":[{"href":"https:\/\/www.europesays.com\/fr\/wp-json\/wp\/v2\/posts\/19836","targetHints":{"allow":["GET"]}}],"collection":[{"href":"https:\/\/www.europesays.com\/fr\/wp-json\/wp\/v2\/posts"}],"about":[{"href":"https:\/\/www.europesays.com\/fr\/wp-json\/wp\/v2\/types\/post"}],"author":[{"embeddable":true,"href":"https:\/\/www.europesays.com\/fr\/wp-json\/wp\/v2\/users\/2"}],"replies":[{"embeddable":true,"href":"https:\/\/www.europesays.com\/fr\/wp-json\/wp\/v2\/comments?post=19836"}],"version-history":[{"count":0,"href":"https:\/\/www.europesays.com\/fr\/wp-json\/wp\/v2\/posts\/19836\/revisions"}],"wp:featuredmedia":[{"embeddable":true,"href":"https:\/\/www.europesays.com\/fr\/wp-json\/wp\/v2\/media\/19837"}],"wp:attachment":[{"href":"https:\/\/www.europesays.com\/fr\/wp-json\/wp\/v2\/media?parent=19836"}],"wp:term":[{"taxonomy":"category","embeddable":true,"href":"https:\/\/www.europesays.com\/fr\/wp-json\/wp\/v2\/categories?post=19836"},{"taxonomy":"post_tag","embeddable":true,"href":"https:\/\/www.europesays.com\/fr\/wp-json\/wp\/v2\/tags?post=19836"}],"curies":[{"name":"wp","href":"https:\/\/api.w.org\/{rel}","templated":true}]}}