{"id":198362,"date":"2025-06-23T14:30:10","date_gmt":"2025-06-23T14:30:10","guid":{"rendered":"https:\/\/www.europesays.com\/fr\/198362\/"},"modified":"2025-06-23T14:30:10","modified_gmt":"2025-06-23T14:30:10","slug":"le-festival-du-jeu-video-stunfest-signe-son-retour-a-rennes-cette-annee","status":"publish","type":"post","link":"https:\/\/www.europesays.com\/fr\/198362\/","title":{"rendered":"Le festival du jeu vid\u00e9o Stunfest signe son retour \u00e0 Rennes cette ann\u00e9e"},"content":{"rendered":"<p>La pause n\u2019aura \u00e9t\u00e9 que de courte dur\u00e9e. Apr\u00e8s avoir \u00e9t\u00e9 annul\u00e9 en 2024, le festival du jeu vid\u00e9o Stunfest aura bel et bien lieu cette ann\u00e9e pour sa 19e \u00e9dition. C\u2019est 3 Hit Combo, organisateur de l\u2018\u00e9v\u00e9nement, qui a annonc\u00e9 la nouvelle sur ses r\u00e9seaux sociaux ce lundi 23 juin. Apr\u00e8s avoir connu le Libert\u00e9 ces derni\u00e8res ann\u00e9es, l\u2019\u00e9v\u00e9nement se tiendra cette fois \u00e0 la maison des associations de Rennes du 24 au 26 octobre 2025. <\/p>\n<p>\u00ab Nous revenons dans un nouveau format, pens\u00e9 comme un laboratoire pour imaginer une formule durable pour les ann\u00e9es \u00e0 venir \u00bb, pr\u00e9cise l\u2019association. \u00ab Cette transition est marqu\u00e9e par la mise en place d\u2019une gouvernance coll\u00e9giale, une tarification accessible et une pr\u00e9sence en ligne repens\u00e9e, favorisant l\u2019interaction entre le public \u00e0 distance et le festival \u00bb.<\/p>\n<p>Ce qui est pr\u00e9vu<\/p>\n<p>Le festival sera organis\u00e9 autour de huit th\u00e9matiques : agora, cr\u00e9ation ind\u00e9pendante et amateur, conf\u00e9rences, freeplay, jeux de combats, m\u00e9diation culturelle, musique et speedrun.<\/p>\n<p>Les organisateurs comptent sur le soutien \u00e9conomique des fid\u00e8les de l\u2019\u00e9v\u00e9nement. \u00ab Organiser un festival, m\u00eame redimensionn\u00e9 et port\u00e9 par une forte dynamique b\u00e9n\u00e9vole repr\u00e9sente un co\u00fbt que les baisses substantielles de subventions publiques ne couvrent plus aujourd\u2018hui \u00bb. Une campagne de financement participatif est notamment pr\u00e9vue.<\/p>\n<p>En grande difficult\u00e9 \u00e9conomique, l\u2018association avait \u00e9t\u00e9 contrainte de faire l\u2019impasse l\u2019ann\u00e9e derni\u00e8re le temps de se restructurer. Engag\u00e9 dans une transformation de fond, 3 Hit Combo annonce devenir officiellement un collectif associatif des acteurs du jeu vid\u00e9o en Bretagne.<\/p>\n","protected":false},"excerpt":{"rendered":"La pause n\u2019aura \u00e9t\u00e9 que de courte dur\u00e9e. Apr\u00e8s avoir \u00e9t\u00e9 annul\u00e9 en 2024, le festival du jeu&hellip;\n","protected":false},"author":2,"featured_media":198363,"comment_status":"","ping_status":"","sticky":false,"template":"","format":"standard","meta":{"footnotes":""},"categories":[2821],"tags":[1111,11,829,3173,1777,674,1011,27,848,12,584,25],"class_list":{"0":"post-198362","1":"post","2":"type-post","3":"status-publish","4":"format-standard","5":"has-post-thumbnail","7":"category-rennes","8":"tag-actu","9":"tag-actualites","10":"tag-bretagne","11":"tag-culture-a-rennes","12":"tag-eu","13":"tag-europe","14":"tag-fr","15":"tag-france","16":"tag-ille-et-vilaine","17":"tag-news","18":"tag-rennes","19":"tag-republique-francaise"},"share_on_mastodon":{"url":"https:\/\/pubeurope.com\/@fr\/114733162460046673","error":""},"_links":{"self":[{"href":"https:\/\/www.europesays.com\/fr\/wp-json\/wp\/v2\/posts\/198362","targetHints":{"allow":["GET"]}}],"collection":[{"href":"https:\/\/www.europesays.com\/fr\/wp-json\/wp\/v2\/posts"}],"about":[{"href":"https:\/\/www.europesays.com\/fr\/wp-json\/wp\/v2\/types\/post"}],"author":[{"embeddable":true,"href":"https:\/\/www.europesays.com\/fr\/wp-json\/wp\/v2\/users\/2"}],"replies":[{"embeddable":true,"href":"https:\/\/www.europesays.com\/fr\/wp-json\/wp\/v2\/comments?post=198362"}],"version-history":[{"count":0,"href":"https:\/\/www.europesays.com\/fr\/wp-json\/wp\/v2\/posts\/198362\/revisions"}],"wp:featuredmedia":[{"embeddable":true,"href":"https:\/\/www.europesays.com\/fr\/wp-json\/wp\/v2\/media\/198363"}],"wp:attachment":[{"href":"https:\/\/www.europesays.com\/fr\/wp-json\/wp\/v2\/media?parent=198362"}],"wp:term":[{"taxonomy":"category","embeddable":true,"href":"https:\/\/www.europesays.com\/fr\/wp-json\/wp\/v2\/categories?post=198362"},{"taxonomy":"post_tag","embeddable":true,"href":"https:\/\/www.europesays.com\/fr\/wp-json\/wp\/v2\/tags?post=198362"}],"curies":[{"name":"wp","href":"https:\/\/api.w.org\/{rel}","templated":true}]}}