{"id":198368,"date":"2025-06-23T14:33:14","date_gmt":"2025-06-23T14:33:14","guid":{"rendered":"https:\/\/www.europesays.com\/fr\/198368\/"},"modified":"2025-06-23T14:33:14","modified_gmt":"2025-06-23T14:33:14","slug":"strasbourg-le-chef-papou-mundiya-kepanga-en-visite-au-college-du-stockfeld-pour-sensibiliser-les-eleves","status":"publish","type":"post","link":"https:\/\/www.europesays.com\/fr\/198368\/","title":{"rendered":"Strasbourg. Le chef papou Mundiya Kepanga en visite au coll\u00e8ge du Stockfeld pour sensibiliser les \u00e9l\u00e8ves"},"content":{"rendered":"<p>Dans la salle, o\u00f9 pr\u00e8s de 150 \u00e9l\u00e8ves du coll\u00e8ge Stockfeld, \u00e0 Strasbourg, d\u00e9couvrent le film Fr\u00e8re des arbres, l\u2019appel d\u2019un chef papou , il fait chaud en cette journ\u00e9e caniculaire. Difficile de se concentrer dans cette condition. Pourtant les \u00e9l\u00e8ves tiennent bon. Les images sont belles et l\u2019approche, tr\u00e8s immersive. <a href=\"https:\/\/www.dna.fr\/education\/2025\/06\/21\/un-chef-papou-sensibilise-les-jeunes-sur-une-foret-a-bout\" target=\"_blank\" rel=\"noopener\">Mundiya Kepanga, chef de la tribu des Hulis en Papouasie-Nouvelle-Guin\u00e9e<\/a> , y raconte, avec beaucoup de po\u00e9sie, son amour de la nature et des arbres menac\u00e9s de d\u00e9forestation. Inlassablement, <a href=\"https:\/\/www.dna.fr\/edition-de-strasbourg\/2018\/05\/27\/on-ne-peut-pas-donner-d-ordre-a-la-nature\" target=\"_blank\" rel=\"noopener\">il parcourt la plan\u00e8te pour sensibiliser le public et les politiques<\/a> (S\u00e9nat, COP21, Unesco).<\/p>\n<p>\u00c0 l\u2019issue du film, Mundiya Kepanga, arrivant tout droit du coll\u00e8ge Lezay-Marn\u00e9sia, fait une entr\u00e9e applaudie. Il parle en pidgin et le r\u00e9alisateur Marc Dozier traduit. \u00ab\u00a0Vous savez que le respect est quelque chose d\u2019important. J\u2019\u00e9coute ceux qui auront envie de parler. Ensuite, je parlerai.\u00a0\u00bb Un silence d\u2019une qualit\u00e9 rare s\u2019installe. \u00ab\u00a0Il y a tellement d\u2019humains sur la terre\u00a0; nous sommes tous diff\u00e9rents, mais ensemble, nous devons prendre soin d\u2019elle.\u00a0\u00bb<\/p>\n<p>  \u00ab\u00a0Je n\u2019ai jamais \u00e9t\u00e9 \u00e0 l\u2019\u00e9cole\u00a0\u00bb<\/p>\n<p>\u00ab\u00a0Je suis illettr\u00e9, je n\u2019ai jamais \u00e9t\u00e9 \u00e0 l\u2019\u00e9cole. Quand j\u2019\u00e9tais petit, je rendais service aux anciens en leur apportant du bois et de l\u2019eau. Un jour, ils m\u2019ont chacun donn\u00e9 un poil de leur barbe, en me disant qu\u2019ils pouvaient m\u2019offrir leurs bons conseils pour m\u2019aider \u00e0 devenir chef. Ils m\u2019ont appris \u00e0 prendre la parole en public, devant tout le village. La premi\u00e8re fois, j\u2019ai \u00e9t\u00e9 tr\u00e8s mauvais et de ma bouche sortait des \u00e9pines. Ils m\u2019ont dit\u00a0: \u201csi tu veux que les gens t\u2019\u00e9coutent, il faut mettre du sucre et du miel dans ta bouche\u201d. Je les ai \u00e9cout\u00e9s et je suis devenu un homme et un chef.\u00a0\u00bb<\/p>\n<p>\u00c0 chaque question pos\u00e9e, Mundiya Kepanga commence sa r\u00e9ponse par un remerciement. \u00ab\u00a0Dans mon nez, il y a des pointes de porc-\u00e9pic. Mais cela pourrait tout aussi bien \u00eatre une tige d\u2019orchid\u00e9e ou des plumes de casoar. Dans mon pays, les tribus se distinguent par leurs coiffes. Elles marquent les quatre \u00e9tapes d\u2019apprentissage jusqu\u2019\u00e0 l\u2019\u00e2ge de se marier.\u00a0\u00bb Sur celle du chef, des plumes de paradisier ondulent aux c\u00f4t\u00e9s d\u2019autres, offertes par des enfants occidentaux.<\/p>\n<p>  En lien avec des actions men\u00e9es pendant l\u2019ann\u00e9e<\/p>\n<p>Cette rencontre hors du commun, impuls\u00e9e par Julien Stehly, s\u2019est inscrite dans un travail sur l\u2019ann\u00e9e, engageant 16 \u00e9l\u00e8ves en Segpa, ainsi qu\u2019une dizaine d\u2019\u00e9co-d\u00e9l\u00e9gu\u00e9s qui ont b\u00e9n\u00e9fici\u00e9 d\u2019ateliers de lecture du paysage, d\u2019\u00e9criture (avec Claire Audhuy) ou d\u2019arts plastiques (avec C\u00e9cile Venet). Des actions, coordonn\u00e9es par \u00c9lise Diboune, en lien avec le mus\u00e9e zoologique, ont \u00e9t\u00e9 men\u00e9es. Des fonds provenant de l\u2019association Bioscop ont procur\u00e9 du mat\u00e9riel vid\u00e9o. Au terme de la rencontre, Mundiya Kepanga et quelques \u00e9l\u00e8ves ont plant\u00e9 un pommier. Il a ensuite rejoint le coll\u00e8ge Solignac.<\/p>\n","protected":false},"excerpt":{"rendered":"Dans la salle, o\u00f9 pr\u00e8s de 150 \u00e9l\u00e8ves du coll\u00e8ge Stockfeld, \u00e0 Strasbourg, d\u00e9couvrent le film Fr\u00e8re des&hellip;\n","protected":false},"author":2,"featured_media":198369,"comment_status":"","ping_status":"","sticky":false,"template":"","format":"standard","meta":{"footnotes":""},"categories":[2820],"tags":[1111,11,3599,2880,1057,436,1777,674,107,1011,27,775,12,25,640,2879],"class_list":{"0":"post-198368","1":"post","2":"type-post","3":"status-publish","4":"format-standard","5":"has-post-thumbnail","7":"category-strasbourg","8":"tag-actu","9":"tag-actualites","10":"tag-college-lycee","11":"tag-edition-strasbourg","12":"tag-education","13":"tag-environnement","14":"tag-eu","15":"tag-europe","16":"tag-fil-info","17":"tag-fr","18":"tag-france","19":"tag-grand-est","20":"tag-news","21":"tag-republique-francaise","22":"tag-strasbourg","23":"tag-strasbourg-ville"},"share_on_mastodon":{"url":"https:\/\/pubeurope.com\/@fr\/114733174217235782","error":""},"_links":{"self":[{"href":"https:\/\/www.europesays.com\/fr\/wp-json\/wp\/v2\/posts\/198368","targetHints":{"allow":["GET"]}}],"collection":[{"href":"https:\/\/www.europesays.com\/fr\/wp-json\/wp\/v2\/posts"}],"about":[{"href":"https:\/\/www.europesays.com\/fr\/wp-json\/wp\/v2\/types\/post"}],"author":[{"embeddable":true,"href":"https:\/\/www.europesays.com\/fr\/wp-json\/wp\/v2\/users\/2"}],"replies":[{"embeddable":true,"href":"https:\/\/www.europesays.com\/fr\/wp-json\/wp\/v2\/comments?post=198368"}],"version-history":[{"count":0,"href":"https:\/\/www.europesays.com\/fr\/wp-json\/wp\/v2\/posts\/198368\/revisions"}],"wp:featuredmedia":[{"embeddable":true,"href":"https:\/\/www.europesays.com\/fr\/wp-json\/wp\/v2\/media\/198369"}],"wp:attachment":[{"href":"https:\/\/www.europesays.com\/fr\/wp-json\/wp\/v2\/media?parent=198368"}],"wp:term":[{"taxonomy":"category","embeddable":true,"href":"https:\/\/www.europesays.com\/fr\/wp-json\/wp\/v2\/categories?post=198368"},{"taxonomy":"post_tag","embeddable":true,"href":"https:\/\/www.europesays.com\/fr\/wp-json\/wp\/v2\/tags?post=198368"}],"curies":[{"name":"wp","href":"https:\/\/api.w.org\/{rel}","templated":true}]}}