{"id":198390,"date":"2025-06-23T14:44:10","date_gmt":"2025-06-23T14:44:10","guid":{"rendered":"https:\/\/www.europesays.com\/fr\/198390\/"},"modified":"2025-06-23T14:44:10","modified_gmt":"2025-06-23T14:44:10","slug":"fusillade-mortelle-lors-dun-mariage-lenquete-bascule-au-parquet-de-marseille-deux-personnes-en-garde-a-vue","status":"publish","type":"post","link":"https:\/\/www.europesays.com\/fr\/198390\/","title":{"rendered":"Fusillade mortelle lors d&rsquo;un mariage: l&rsquo;enqu\u00eate bascule au parquet de Marseille, deux personnes en garde \u00e0 vue"},"content":{"rendered":"<p>\u00ab\u00a0Le parquet d&rsquo;Avignon s&rsquo;est dessaisi ce jour au profit du parquet de la Jirs de Marseille\u00a0\u00bb, a indiqu\u00e9 la procureure de la R\u00e9publique d&rsquo;Avignon, Florence Galtier, dans un message \u00e0 la presse lundi, au sujet de cette enqu\u00eate ouverte pour meurtre et tentative de meurtre en bande organis\u00e9e.\u00a0<strong>Deux personnes ont \u00e9t\u00e9 plac\u00e9es en garde \u00e0 vue<\/strong>.<\/p>\n<p>Les faits se sont produits dimanche \u00e0 l&rsquo;aube, vers 04h30, \u00e0 Goult, petit village d&rsquo;un millier d&rsquo;habitants dans le Luberon, dans le Vaucluse, <strong>alors que le mariage venait de se terminer<\/strong>. Arriv\u00e9s dans un v\u00e9hicule, <strong>plusieurs hommes arm\u00e9s et cagoul\u00e9s avaient ouvert le feu sur les mari\u00e9s<\/strong> alors que ceux-ci quittaient la f\u00eate en voiture, puis ils avaient pris la fuite \u00e0 pied.<\/p>\n<p><a href=\"https:\/\/www.nicematin.com\/faits-divers\/fusillade-apres-un-mariage-dans-le-luberon-deux-morts-dont-la-mariee-deux-blesses-graves-dont-un-enfant-991136\" target=\"_blank\" rel=\"noopener\">Les personnes d\u00e9c\u00e9d\u00e9es<\/a> sont la mari\u00e9e, \u00e2g\u00e9e de 27 ans, et l&rsquo;un des agresseurs, touch\u00e9 \u00ab\u00a0dans l&rsquo;\u00e9change\u00a0\u00bb, a sp\u00e9cifi\u00e9 Mme Galtier dimanche dans un communiqu\u00e9, laissant entendre que <strong>des tirs de riposte ont \u00e9t\u00e9 tir\u00e9s depuis le v\u00e9hicule cibl\u00e9<\/strong> par les agresseurs ou par des proches des mari\u00e9s.<\/p>\n<p>L&rsquo;hypoth\u00e8se d&rsquo;un r\u00e8glement de compte<\/p>\n<p><strong>Deux personnes ont \u00e9galement \u00e9t\u00e9 gri\u00e8vement bless\u00e9es et hospitalis\u00e9es<\/strong>, l&rsquo;\u00e9poux, \u00e2g\u00e9 de 25 ans, et un mineur de 13 ans qui se trouvait \u00e0 bord de la voiture du couple.<\/p>\n<p>Dans son communiqu\u00e9, la procureure d&rsquo;Avignon n&rsquo;a \u00e9mis aucune hypoth\u00e8se concernant ce dossier et n&rsquo;a donn\u00e9 <strong>aucun \u00e9l\u00e9ment sur le couple permettant de comprendre pourquoi il a \u00e9t\u00e9 vis\u00e9<\/strong>.<\/p>\n<p>Si aucune piste n&rsquo;est pour l&rsquo;instant officiellement privil\u00e9gi\u00e9e,<strong> l&rsquo;hypoth\u00e8se d&rsquo;un r\u00e8glement de comptes<\/strong> sur fond de trafic de stup\u00e9fiants est envisag\u00e9e, a pr\u00e9cis\u00e9 dimanche matin une source proche du dossier.<\/p>\n","protected":false},"excerpt":{"rendered":"\u00ab\u00a0Le parquet d&rsquo;Avignon s&rsquo;est dessaisi ce jour au profit du parquet de la Jirs de Marseille\u00a0\u00bb, a indiqu\u00e9&hellip;\n","protected":false},"author":2,"featured_media":198391,"comment_status":"","ping_status":"","sticky":false,"template":"","format":"standard","meta":{"footnotes":""},"categories":[2814],"tags":[1111,11,1777,674,332,118,652,1011,27,303,884,12,882,25],"class_list":{"0":"post-198390","1":"post","2":"type-post","3":"status-publish","4":"format-standard","5":"has-post-thumbnail","7":"category-marseille","8":"tag-actu","9":"tag-actualites","10":"tag-eu","11":"tag-europe","12":"tag-faits-de-societe","13":"tag-faits-divers","14":"tag-famille","15":"tag-fr","16":"tag-france","17":"tag-justice","18":"tag-marseille","19":"tag-news","20":"tag-provence-alpes-cote-dazur","21":"tag-republique-francaise"},"share_on_mastodon":{"url":"https:\/\/pubeurope.com\/@fr\/114733217486725888","error":""},"_links":{"self":[{"href":"https:\/\/www.europesays.com\/fr\/wp-json\/wp\/v2\/posts\/198390","targetHints":{"allow":["GET"]}}],"collection":[{"href":"https:\/\/www.europesays.com\/fr\/wp-json\/wp\/v2\/posts"}],"about":[{"href":"https:\/\/www.europesays.com\/fr\/wp-json\/wp\/v2\/types\/post"}],"author":[{"embeddable":true,"href":"https:\/\/www.europesays.com\/fr\/wp-json\/wp\/v2\/users\/2"}],"replies":[{"embeddable":true,"href":"https:\/\/www.europesays.com\/fr\/wp-json\/wp\/v2\/comments?post=198390"}],"version-history":[{"count":0,"href":"https:\/\/www.europesays.com\/fr\/wp-json\/wp\/v2\/posts\/198390\/revisions"}],"wp:featuredmedia":[{"embeddable":true,"href":"https:\/\/www.europesays.com\/fr\/wp-json\/wp\/v2\/media\/198391"}],"wp:attachment":[{"href":"https:\/\/www.europesays.com\/fr\/wp-json\/wp\/v2\/media?parent=198390"}],"wp:term":[{"taxonomy":"category","embeddable":true,"href":"https:\/\/www.europesays.com\/fr\/wp-json\/wp\/v2\/categories?post=198390"},{"taxonomy":"post_tag","embeddable":true,"href":"https:\/\/www.europesays.com\/fr\/wp-json\/wp\/v2\/tags?post=198390"}],"curies":[{"name":"wp","href":"https:\/\/api.w.org\/{rel}","templated":true}]}}