{"id":198402,"date":"2025-06-23T14:53:20","date_gmt":"2025-06-23T14:53:20","guid":{"rendered":"https:\/\/www.europesays.com\/fr\/198402\/"},"modified":"2025-06-23T14:53:20","modified_gmt":"2025-06-23T14:53:20","slug":"air-france-ouvre-une-nouvelle-ligne-entre-laeroport-de-paris-charles-de-gaulle-et-cette-pepite-des-caraibes","status":"publish","type":"post","link":"https:\/\/www.europesays.com\/fr\/198402\/","title":{"rendered":"Air France ouvre une nouvelle ligne entre l&rsquo;a\u00e9roport de Paris-Charles-de-Gaulle et cette p\u00e9pite des Cara\u00efbes"},"content":{"rendered":"<p>            Par<br \/>\n        <strong><br \/>\n            <a href=\"https:\/\/actu.fr\/auteur\/redaction-paris\" title=\"Consulter tous les articles de R\u00e9daction Paris\" target=\"_blank\" rel=\"noopener\">R\u00e9daction Paris<\/a><br \/>\n        <\/strong><\/p>\n<p>        Publi\u00e9 le<\/p>\n<p>            23 juin 2025 \u00e0 15h59        <\/p>\n<p>Une destination paradisiaque de plus pour fuir le froid et la grisaille de l\u2019hiver. <a href=\"https:\/\/actu.fr\/tag\/air-france\" target=\"_blank\" rel=\"noopener\">Air France<\/a> vient d\u2019annoncer l\u2019ouverture d\u2019une nouvelle ligne au d\u00e9part de <a href=\"https:\/\/actu.fr\/tag\/aeroport-roissy-charles-de-gaulle\" target=\"_blank\" rel=\"noopener\">l\u2019a\u00e9roport de Roissy-Charles-de-Gaulle<\/a>, destination <strong>Punta Cana<\/strong> en R\u00e9publique Dominicaine.<\/p>\n<p class=\" wall-content\">Le premier vol aura lieu le 13\u00a0janvier 2026, \u00e0 bord d\u2019un Boeing 777-300ER. Jusqu\u2019au 28\u00a0mars 2025, <strong>trois liaisons directes<\/strong> seront assur\u00e9es chaque mardis, jeudis et samedis.<\/p>\n<p class=\" wall-content\">Premier d\u00e9part depuis Roissy-Charles-de-Gaulle \u00e0 14h25, arriv\u00e9e \u00e0 <strong>Punta Cana<\/strong> \u00e0 18h45 (heure locale).\u00a0Dans l\u2019autre sens\u2009: d\u00e9part de R\u00e9publique Dominicaine \u00e0 21h05, arriv\u00e9e sur le tarmac de Charles-de-Gaulle \u00e0 10h30 le lendemain.<\/p>\n<p class=\" wall-content\">Une nouvelle destination qui sera la sixi\u00e8me de la compagnie a\u00e9rienne dans les Cara\u00efbes, apr\u00e8s <strong>Cayenne<\/strong> en Guyane, <strong>Pointe-\u00e0-Pitre<\/strong> en Guadeloupe, <strong>Fort-de-France<\/strong> en Martinique, <strong>Saint-Martin<\/strong> et <strong>La\u00a0Havane<\/strong> \u00e0 Cuba.<\/p>\n<p class=\" wall-content\">Suivez toute l\u2019actualit\u00e9 de vos villes et m\u00e9dias favoris en vous inscrivant \u00e0 <a href=\"https:\/\/moncompte.actu.fr\" title=\"D\u00e9couvez Mon Actu\" rel=\"nofollow noopener\" data-trk=\"{&quot;cta&quot;:{&quot;action&quot;:&quot;https:\\\/\\\/moncompte.actu.fr&quot;,&quot;category&quot;:&quot;mon compte&quot;,&quot;from&quot;:&quot;article footer&quot;,&quot;name&quot;:&quot;Mon actu&quot;,&quot;type&quot;:&quot;cta&quot;}}\" target=\"_blank\">Mon Actu<\/a>.<\/p>\n<ul class=\"ac-article-tag wall-content\">\n<li><a href=\"https:\/\/actu.fr\/tag\/aeroport-roissy-charles-de-gaulle\" data-trk=\"{&quot;cta&quot;:{&quot;action&quot;:&quot;A\\u00e9roport Roissy-Charles de Gaulle&quot;,&quot;category&quot;:&quot;tag&quot;,&quot;from&quot;:&quot;article footer&quot;,&quot;name&quot;:&quot;A\\u00e9roport Roissy-Charles de Gaulle&quot;,&quot;type&quot;:&quot;cta&quot;}}\" target=\"_blank\" rel=\"noopener\">#A\u00e9roport Roissy-Charles de Gaulle<\/a><\/li>\n<li><a href=\"https:\/\/actu.fr\/tag\/air-france\" data-trk=\"{&quot;cta&quot;:{&quot;action&quot;:&quot;Air France&quot;,&quot;category&quot;:&quot;tag&quot;,&quot;from&quot;:&quot;article footer&quot;,&quot;name&quot;:&quot;Air France&quot;,&quot;type&quot;:&quot;cta&quot;}}\" target=\"_blank\" rel=\"noopener\">#Air France<\/a><\/li>\n<\/ul>\n","protected":false},"excerpt":{"rendered":"Par R\u00e9daction Paris Publi\u00e9 le 23 juin 2025 \u00e0 15h59 Une destination paradisiaque de plus pour fuir le&hellip;\n","protected":false},"author":2,"featured_media":198403,"comment_status":"","ping_status":"","sticky":false,"template":"","format":"standard","meta":{"footnotes":""},"categories":[1888],"tags":[1111,1928,11,1927,10045,1816,1777,674,1011,27,12,1926,626,1925,25,104],"class_list":{"0":"post-198402","1":"post","2":"type-post","3":"status-publish","4":"format-standard","5":"has-post-thumbnail","7":"category-paris","8":"tag-actu","9":"tag-actu-paris","10":"tag-actualites","11":"tag-actualites-paris","12":"tag-aeroport-roissy-charles-de-gaulle","13":"tag-air-france","14":"tag-eu","15":"tag-europe","16":"tag-fr","17":"tag-france","18":"tag-news","19":"tag-news-paris","20":"tag-paris","21":"tag-paris-news","22":"tag-republique-francaise","23":"tag-societe"},"share_on_mastodon":{"url":"https:\/\/pubeurope.com\/@fr\/114733252825010628","error":""},"_links":{"self":[{"href":"https:\/\/www.europesays.com\/fr\/wp-json\/wp\/v2\/posts\/198402","targetHints":{"allow":["GET"]}}],"collection":[{"href":"https:\/\/www.europesays.com\/fr\/wp-json\/wp\/v2\/posts"}],"about":[{"href":"https:\/\/www.europesays.com\/fr\/wp-json\/wp\/v2\/types\/post"}],"author":[{"embeddable":true,"href":"https:\/\/www.europesays.com\/fr\/wp-json\/wp\/v2\/users\/2"}],"replies":[{"embeddable":true,"href":"https:\/\/www.europesays.com\/fr\/wp-json\/wp\/v2\/comments?post=198402"}],"version-history":[{"count":0,"href":"https:\/\/www.europesays.com\/fr\/wp-json\/wp\/v2\/posts\/198402\/revisions"}],"wp:featuredmedia":[{"embeddable":true,"href":"https:\/\/www.europesays.com\/fr\/wp-json\/wp\/v2\/media\/198403"}],"wp:attachment":[{"href":"https:\/\/www.europesays.com\/fr\/wp-json\/wp\/v2\/media?parent=198402"}],"wp:term":[{"taxonomy":"category","embeddable":true,"href":"https:\/\/www.europesays.com\/fr\/wp-json\/wp\/v2\/categories?post=198402"},{"taxonomy":"post_tag","embeddable":true,"href":"https:\/\/www.europesays.com\/fr\/wp-json\/wp\/v2\/tags?post=198402"}],"curies":[{"name":"wp","href":"https:\/\/api.w.org\/{rel}","templated":true}]}}