{"id":198412,"date":"2025-06-23T14:58:10","date_gmt":"2025-06-23T14:58:10","guid":{"rendered":"https:\/\/www.europesays.com\/fr\/198412\/"},"modified":"2025-06-23T14:58:10","modified_gmt":"2025-06-23T14:58:10","slug":"ukraine-une-nouvelle-attaque-russe-fait-dix-morts-a-kiev-et-dans-sa-region-actualites","status":"publish","type":"post","link":"https:\/\/www.europesays.com\/fr\/198412\/","title":{"rendered":"Ukraine: une nouvelle attaque russe fait dix morts \u00e0 Kiev et dans sa r\u00e9gion : Actualit\u00e9s"},"content":{"rendered":"<p class=\"lead \">Une nouvelle attaque a\u00e9rienne russe d&rsquo;ampleur a tu\u00e9 au moins dix civils \u00e0 Kiev et dans sa r\u00e9gion, dont une fille de onze ans, selon les autorit\u00e9s ukrainiennes, \u00e0 l&rsquo;heure o\u00f9 les n\u00e9gociations pour mettre un terme \u00e0 la guerre sont dans l&rsquo;impasse.<\/p>\n<p class=\"lead \">Le pr\u00e9sident ukrainien Volodymyr Zelensky, qui a d\u00e9nonc\u00e9 une \u00ab\u00a0attaque totalement cynique\u00a0\u00bb de l&rsquo;arm\u00e9e russe, est au Royaume-Uni lundi et a \u00e9t\u00e9 re\u00e7u par le roi Charles III avant de s&rsquo;entretenir avec le Premier ministre Keir Starmer en vue d'\u00a0\u00bbapprofondir la coop\u00e9ration en mati\u00e8re de d\u00e9fense\u00a0\u00bb, selon son porte-parole. <\/p>\n<p class=\"lead \">M. Zelensky est \u00e9galement attendu au sommet de l&rsquo;Otan qui s&rsquo;ouvre mardi \u00e0 La Haye, o\u00f9 est attendu le pr\u00e9sident am\u00e9ricain Donald Trump, qui pousse pour une fin des hostilit\u00e9s entre Moscou et Kiev.<\/p>\n<p class=\"lead \">Les frappes russes ont commenc\u00e9 peu avant minuit dimanche et dur\u00e9 plus de quatre heures, d&rsquo;abord avec des drones explosifs, puis des missiles balistiques et de croisi\u00e8re.   <\/p>\n<p class=\"lead \">Des journalistes de l&rsquo;AFP \u00e0 Kiev ont entendu des vrombissements de drones en vol et des s\u00e9ries de d\u00e9tonations dans la capitale.<\/p>\n<p class=\"lead \">A Kiev, plusieurs quartiers ont \u00e9t\u00e9 touch\u00e9s et une section enti\u00e8re d&rsquo;un immeuble r\u00e9sidentiel de plusieurs \u00e9tages a notamment \u00e9t\u00e9 d\u00e9truite.<\/p>\n<p class=\"lead \">Natalia Marchavska, qui \u00e9tait chez elle quand son immeuble a \u00e9t\u00e9 touch\u00e9, a racont\u00e9 avoir entendu un engin survoler le b\u00e2timent, puis une \u00ab\u00a0explosion\u00a0\u00bb qui l&rsquo;a projet\u00e9e vers une porte.<\/p>\n<p class=\"lead \">\u00ab\u00a0C&rsquo;\u00e9tait l&rsquo;horreur\u00a0\u00bb, se lamente-elle. \u00ab\u00a0Les fen\u00eatres ont vol\u00e9 en \u00e9clats. Dans la pi\u00e8ce, c&rsquo;\u00e9tait tout noir avec de la fum\u00e9e\u00a0\u00bb. <\/p>\n<p class=\"lead \">Au moins neuf personnes, dont une fillette de 11 ans, ont \u00e9t\u00e9 tu\u00e9es, a indiqu\u00e9 le parquet g\u00e9n\u00e9ral de Kiev, pr\u00e9cisant que les recherches \u00e9taient toujours en cours dans les d\u00e9combres de l&rsquo;immeuble. Une trentaine de personnes ont par ailleurs \u00e9t\u00e9 bless\u00e9es, selon les services de secours. <\/p>\n<p class=\"lead \">Au sud de la capitale, dans la ville de Bila Tserkva, une personne a \u00e9t\u00e9 tu\u00e9e et huit autres, dont deux secouristes, ont \u00e9t\u00e9 bless\u00e9es.<\/p>\n<p class=\"lead \">&#8211; \u00ab\u00a0Coalition de meurtriers\u00a0\u00bb &#8211;<\/p>\n<p class=\"lead \">La Russie a affirm\u00e9 avoir vis\u00e9 des cibles militaires.<\/p>\n<p class=\"lead \">\u00ab\u00a0Cette nuit, les forces arm\u00e9es de la F\u00e9d\u00e9ration de Russie ont lanc\u00e9 une frappe group\u00e9e (&#8230;) contre des entreprises du complexe militaro-industriel ukrainien dans la r\u00e9gion de Kiev\u00a0\u00bb, a affirm\u00e9 dans un communiqu\u00e9 le minist\u00e8re russe de la D\u00e9fense. <\/p>\n<p class=\"lead \">Au total, Moscou a tir\u00e9 dans la nuit \u00ab\u00a0352 drones dont 159 Shaheds\u00a0\u00bb, des drones explosifs de conception iranienne, \u00ab\u00a0et 16 missiles\u00a0\u00bb dont des projectiles balistiques produits par la Cor\u00e9e du Nord, a affirm\u00e9 Volodymyr Zelensky.<\/p>\n<p class=\"lead \">\u00ab\u00a0Une grande partie des drones et des missiles ont \u00e9t\u00e9 abattus\u00a0\u00bb, a-t-il ajout\u00e9, qualifiant Moscou, T\u00e9h\u00e9ran et Pyongyang de \u00ab\u00a0coalition de meurtriers\u00a0\u00bb. <\/p>\n<p class=\"lead \">De nouvelles frappes russes, visant la r\u00e9gion d&rsquo;Odessa dans le sud de l&rsquo;Ukraine, ont tu\u00e9 deux personnes lundi et bless\u00e9 au moins une dizaine d&rsquo;autres, selon les autorit\u00e9s locales.<\/p>\n<p class=\"lead \">Une \u00e9cole a \u00e9t\u00e9 touch\u00e9e, selon le chef d&rsquo;Etat ukrainien: \u00ab\u00a0Malheureusement, certaines personnes pourraient toujours \u00eatre coinc\u00e9es sous les d\u00e9combres.\u00a0\u00bb<\/p>\n<p class=\"lead \">Les villes ukrainiennes sont cibl\u00e9es chaque nuit par des frappes russes, tandis que les pourparlers entre Kiev et Moscou en vue d&rsquo;un cessez-le-feu sont dans l&rsquo;impasse, malgr\u00e9 la pression de Washington.<\/p>\n<p class=\"lead \">Dans la capitale ukrainienne, au moins 28 personnes avaient \u00e9t\u00e9 tu\u00e9es lors d&rsquo;une pr\u00e9c\u00e9dente frappe russe de grande ampleur en d\u00e9but de semaine derni\u00e8re.<\/p>\n<p class=\"lead \">&#8211; \u00ab\u00a0Ne pas rester en d\u00e9fense\u00a0\u00bb &#8211;<\/p>\n<p class=\"lead \">L&rsquo;arm\u00e9e ukrainienne attaque aussi r\u00e9guli\u00e8rement le territoire russe. Dans la r\u00e9gion de Rostov (sud), une attaque de drones ukrainiens lundi a \u00ab\u00a0provoqu\u00e9 un incendie (sur le site d&rsquo;une) entreprise industrielle\u00a0\u00bb, a annonc\u00e9 sur Telegram le gouverneur r\u00e9gional, Iouri Slioussar.<\/p>\n<p class=\"lead \">Samedi, le commandant en chef des arm\u00e9es ukrainiennes, Oleksandr Syrsky, avait assur\u00e9 que Kiev allait intensifier ses frappes contre des cibles militaires en profondeur en Russie, trois semaines apr\u00e8s une attaque spectaculaire contre des bases a\u00e9riennes recul\u00e9es dans ce pays.<\/p>\n<p class=\"lead \">\u00ab\u00a0Nous ne nous contenterons pas de rester en d\u00e9fense. Parce que cela n&rsquo;apporte rien et conduit finalement au fait que nous reculons, perdons des hommes et des territoires\u00a0\u00bb, a pr\u00e9venu le g\u00e9n\u00e9ral Syrsky.<\/p>\n<p class=\"lead \">L&rsquo;arm\u00e9e russe, elle, a dit poursuivre son offensive contre la r\u00e9gion ukrainienne de Soumy (nord-est), le pr\u00e9sident Vladimir Poutine affirmant, la semaine derni\u00e8re, ne pas exclure la prise de la ville du m\u00eame nom. <\/p>\n<p class=\"lead \">Mais Kiev assure avoir d\u00e9sormais stopp\u00e9 son avanc\u00e9e dans cette zone.<\/p>\n<p class=\"lead \">Moscou occupe environ un cinqui\u00e8me de l&rsquo;Ukraine et a d\u00e9j\u00e0 revendiqu\u00e9 l&rsquo;annexion de quatre r\u00e9gions ukrainiennes, qu&rsquo;elle ne contr\u00f4le pas enti\u00e8rement, en plus de la p\u00e9ninsule de Crim\u00e9e, annex\u00e9e en 2014.<\/p>\n","protected":false},"excerpt":{"rendered":"Une nouvelle attaque a\u00e9rienne russe d&rsquo;ampleur a tu\u00e9 au moins dix civils \u00e0 Kiev et dans sa r\u00e9gion,&hellip;\n","protected":false},"author":2,"featured_media":198413,"comment_status":"","ping_status":"","sticky":false,"template":"","format":"standard","meta":{"footnotes":""},"categories":[1590],"tags":[11,10268,2120,19711,312,1777,674,6228,12,132,220],"class_list":{"0":"post-198412","1":"post","2":"type-post","3":"status-publish","4":"format-standard","5":"has-post-thumbnail","7":"category-ukraine","8":"tag-actualites","9":"tag-arme","10":"tag-conflit","11":"tag-dfense","12":"tag-diplomatie","13":"tag-eu","14":"tag-europe","15":"tag-gb","16":"tag-news","17":"tag-russie","18":"tag-ukraine"},"share_on_mastodon":{"url":"https:\/\/pubeurope.com\/@fr\/114733272626514909","error":""},"_links":{"self":[{"href":"https:\/\/www.europesays.com\/fr\/wp-json\/wp\/v2\/posts\/198412","targetHints":{"allow":["GET"]}}],"collection":[{"href":"https:\/\/www.europesays.com\/fr\/wp-json\/wp\/v2\/posts"}],"about":[{"href":"https:\/\/www.europesays.com\/fr\/wp-json\/wp\/v2\/types\/post"}],"author":[{"embeddable":true,"href":"https:\/\/www.europesays.com\/fr\/wp-json\/wp\/v2\/users\/2"}],"replies":[{"embeddable":true,"href":"https:\/\/www.europesays.com\/fr\/wp-json\/wp\/v2\/comments?post=198412"}],"version-history":[{"count":0,"href":"https:\/\/www.europesays.com\/fr\/wp-json\/wp\/v2\/posts\/198412\/revisions"}],"wp:featuredmedia":[{"embeddable":true,"href":"https:\/\/www.europesays.com\/fr\/wp-json\/wp\/v2\/media\/198413"}],"wp:attachment":[{"href":"https:\/\/www.europesays.com\/fr\/wp-json\/wp\/v2\/media?parent=198412"}],"wp:term":[{"taxonomy":"category","embeddable":true,"href":"https:\/\/www.europesays.com\/fr\/wp-json\/wp\/v2\/categories?post=198412"},{"taxonomy":"post_tag","embeddable":true,"href":"https:\/\/www.europesays.com\/fr\/wp-json\/wp\/v2\/tags?post=198412"}],"curies":[{"name":"wp","href":"https:\/\/api.w.org\/{rel}","templated":true}]}}