{"id":198417,"date":"2025-06-23T15:01:12","date_gmt":"2025-06-23T15:01:12","guid":{"rendered":"https:\/\/www.europesays.com\/fr\/198417\/"},"modified":"2025-06-23T15:01:12","modified_gmt":"2025-06-23T15:01:12","slug":"allemagne-les-depenses-militaires-du-pays-atteindront-35-du-pib-en-2029","status":"publish","type":"post","link":"https:\/\/www.europesays.com\/fr\/198417\/","title":{"rendered":"Allemagne. Les d\u00e9penses militaires du pays atteindront 3,5\u00a0% du PIB en 2029"},"content":{"rendered":"<p>Le budget militaire de l&rsquo;Allemagne va progressivement augmenter. Le pays pr\u00e9voit une mont\u00e9e en puissance continue de <a href=\"https:\/\/www.ledauphine.com\/economie\/2025\/05\/02\/les-depenses-militaires-de-l-europe-ont-augmente-de-pres-de-20-en-un-an\" target=\"_blank\" rel=\"nofollow noopener\">son effort de d\u00e9fense pour atteindre 3,5 % du PIB en 2029<\/a>, ont indiqu\u00e9 ce lundi des sources gouvernementales \u00e0 la veille de la pr\u00e9sentation de la planification budg\u00e9taire nationale. Les d\u00e9penses militaires repr\u00e9senteront 2,4 % du Produit int\u00e9rieur brut (PIB) cette ann\u00e9e, contre 2 % l&rsquo;an dernier, avant de grimper \u00e0 3,5 % en 2029, soit l&rsquo;un des objectifs que devraient se fixer les pays de l&rsquo;Otan r\u00e9unis en sommet cette semaine \u00e0 La Haye.<\/p>\n<p>Sous la pression de <a href=\"https:\/\/www.ledauphine.com\/p\/donald-trump\" target=\"_blank\" rel=\"nofollow noopener\">Donald Trump<\/a> et de la menace russe, les 32 pays de l&rsquo;alliance vont se pencher mardi et mercredi sur un nouvel engagement de porter \u00e0 au moins 5 % du PIB leurs d\u00e9penses de s\u00e9curit\u00e9, dont 3,5 % r\u00e9serv\u00e9s au domaine militaire stricto-sensu. Jusqu&rsquo;\u00e0 pr\u00e9sent, l&rsquo;objectif de d\u00e9penses militaires fix\u00e9 par l&rsquo;OTAN \u00e9tait de 2 % du PIB.<\/p>\n<p>Une augmentation massive des investissements<\/p>\n<p>Le gouvernement du chancelier conservateur <a href=\"https:\/\/www.ledauphine.com\/p\/friedrich-merz\" target=\"_blank\" rel=\"nofollow noopener\">Friedrich Merz<\/a>, en fonction depuis le mois de mai, s&rsquo;est engag\u00e9 \u00e0 une augmentation massive des investissements pour r\u00e9armer l&rsquo;Allemagne et pr\u00e9sentera mardi en Conseil des ministres son projet de budget 2025, ainsi que les grandes lignes de la planification budg\u00e9taire 2026-2029.<\/p>\n<p>Selon des \u00e9l\u00e9ments communiqu\u00e9s d\u00e8s lundi, l&rsquo;Allemagne consacrera cette ann\u00e9e une enveloppe de 95 milliards d&rsquo;euros \u00e0 la d\u00e9fense au sens strict, dont 62 milliards issus du budget ordinaire, 24 milliards provenant d\u2019un fonds sp\u00e9cial financ\u00e9 par la dette et mis en place par le gouvernement pr\u00e9c\u00e9dent, ainsi qu&rsquo;environ neuf milliards allou\u00e9s au <a href=\"https:\/\/www.ledauphine.com\/france-monde\/ukraine\" target=\"_blank\" rel=\"nofollow noopener\">soutien \u00e0 l&rsquo;Ukraine<\/a>.<\/p>\n<p>Dans les ann\u00e9es 1960, l&rsquo;Allemagne consacrait jusqu\u2019\u00e0 5 % de son PIB \u00e0 la d\u00e9fense. Cette part est descendue sous les 2% apr\u00e8s la chute de l\u2019URSS en 1990, atteignant un plancher de 1,3 % en 2021, avant de remonter depuis le d\u00e9but de l\u2019invasion russe en Ukraine.<\/p>\n<p>Un changement profond pour l&rsquo;Allemagne<\/p>\n<p>Face \u00e0 la menace russe et \u00e0 l&rsquo;incertitude croissante sur la protection am\u00e9ricaine, le chancelier Friedrich Merz s&rsquo;est engag\u00e9 en mai \u00e0 faire de l&rsquo;Allemagne \u00ab l&rsquo;arm\u00e9e conventionnelle la plus puissante d&rsquo;Europe \u00bb. L&rsquo;Allemagne, longtemps marqu\u00e9e par un pacifisme profond et un sous-investissement militaire, op\u00e8re ainsi un tournant strat\u00e9gique majeur.<\/p>\n<p>Dans un pays traditionnellement attach\u00e9 \u00e0 la rigueur budg\u00e9taire, le nouveau gouvernement a aussi activ\u00e9 une \u00ab clause de d\u00e9fense \u00bb, permettant d&rsquo;exclure une partie des d\u00e9penses militaires &#8211; y compris la d\u00e9fense de base, la cybers\u00e9curit\u00e9, la protection civile et l&rsquo;aide \u00e0 des pays attaqu\u00e9s comme l&rsquo;Ukraine &#8211; du calcul du d\u00e9ficit public. Le budget 2025 doit encore \u00eatre adopt\u00e9 par le Bundestag d&rsquo;ici le 19 septembre.<\/p>\n<p>L&rsquo;Allemagne compte aussi renforcer son nombre de soldats, c&rsquo;est pourquoi le ministre social-d\u00e9mocrate de la D\u00e9fense Boris Pistorius souhaite inscrire dans son projet de loi sur le nouveau service militaire volontaire &#8211; pour l&rsquo;instant bas\u00e9 sur le volontariat &#8211; une option de retour partiel \u00e0 la conscription, suspendue en Allemagne depuis 2011.<\/p>\n","protected":false},"excerpt":{"rendered":"Le budget militaire de l&rsquo;Allemagne va progressivement augmenter. Le pays pr\u00e9voit une mont\u00e9e en puissance continue de son&hellip;\n","protected":false},"author":2,"featured_media":198418,"comment_status":"","ping_status":"","sticky":false,"template":"","format":"standard","meta":{"footnotes":""},"categories":[1587],"tags":[11,672,1804,1805,3206,1803,1777,674,107,329,1801,12,316,1802],"class_list":{"0":"post-198417","1":"post","2":"type-post","3":"status-publish","4":"format-standard","5":"has-post-thumbnail","7":"category-allemagne","8":"tag-actualites","9":"tag-allemagne","10":"tag-bundesrepublik-deutschland","11":"tag-de","12":"tag-defense-guerre-conflit","13":"tag-deutschland","14":"tag-eu","15":"tag-europe","16":"tag-fil-info","17":"tag-france-monde","18":"tag-germany","19":"tag-news","20":"tag-politique","21":"tag-republique-federale-dallemagne"},"share_on_mastodon":{"url":"https:\/\/pubeurope.com\/@fr\/114733284319745905","error":""},"_links":{"self":[{"href":"https:\/\/www.europesays.com\/fr\/wp-json\/wp\/v2\/posts\/198417","targetHints":{"allow":["GET"]}}],"collection":[{"href":"https:\/\/www.europesays.com\/fr\/wp-json\/wp\/v2\/posts"}],"about":[{"href":"https:\/\/www.europesays.com\/fr\/wp-json\/wp\/v2\/types\/post"}],"author":[{"embeddable":true,"href":"https:\/\/www.europesays.com\/fr\/wp-json\/wp\/v2\/users\/2"}],"replies":[{"embeddable":true,"href":"https:\/\/www.europesays.com\/fr\/wp-json\/wp\/v2\/comments?post=198417"}],"version-history":[{"count":0,"href":"https:\/\/www.europesays.com\/fr\/wp-json\/wp\/v2\/posts\/198417\/revisions"}],"wp:featuredmedia":[{"embeddable":true,"href":"https:\/\/www.europesays.com\/fr\/wp-json\/wp\/v2\/media\/198418"}],"wp:attachment":[{"href":"https:\/\/www.europesays.com\/fr\/wp-json\/wp\/v2\/media?parent=198417"}],"wp:term":[{"taxonomy":"category","embeddable":true,"href":"https:\/\/www.europesays.com\/fr\/wp-json\/wp\/v2\/categories?post=198417"},{"taxonomy":"post_tag","embeddable":true,"href":"https:\/\/www.europesays.com\/fr\/wp-json\/wp\/v2\/tags?post=198417"}],"curies":[{"name":"wp","href":"https:\/\/api.w.org\/{rel}","templated":true}]}}