{"id":198419,"date":"2025-06-23T15:02:09","date_gmt":"2025-06-23T15:02:09","guid":{"rendered":"https:\/\/www.europesays.com\/fr\/198419\/"},"modified":"2025-06-23T15:02:09","modified_gmt":"2025-06-23T15:02:09","slug":"le-canada-et-leurope-resserrent-les-rangs-face-a-trump","status":"publish","type":"post","link":"https:\/\/www.europesays.com\/fr\/198419\/","title":{"rendered":"Le Canada et l\u2019Europe resserrent les rangs face \u00e0 Trump"},"content":{"rendered":"<p>\u00c0 la veille du sommet de l\u2019Otan, le premier ministre canadien Mark Carney signe \u00e0 Bruxelles un accord de s\u00e9curit\u00e9 et de d\u00e9fense avec l\u2019Union europ\u00e9enne. Objectif: mettre \u00e0 niveau une arm\u00e9e canadienne en \u00e9tat de d\u00e9liquescence.<\/p>\n<p class=\"fig-paragraph\">\u00c0 la veille d\u2019un sommet de l\u2019Otan \u00e0 haut risque, \u00e0 La Haye, o\u00f9 les Alli\u00e9s vont tester l\u2019<a href=\"http:\/\/www.lefigaro.fr\/international\/on-ne-peut-pas-exclure-une-rupture-brutale-a-l-otan-les-europeens-se-preparent-a-un-desengagement-americain-20250402\" data-fig-type=\"Article\" data-gtm-custom-categorie=\"navigation\" data-gtm-custom-action=\"crossclick\" data-gtm-custom-label=\"Contextuel\" data-gtm-event=\"customEventSPE\" data-fig-domain=\"LEFIGARO\" target=\"_blank\" rel=\"noopener\">engagement de Donald Trump dans l\u2019Alliance atlantique<\/a>, l\u2019Union europ\u00e9enne et le Canada resserrent les rangs. En chemin vers les Pays-Bas, le nouveau premier ministre canadien,\u00a0<a href=\"http:\/\/www.lefigaro.fr\/international\/au-canada-la-courte-victoire-du-candidat-liberal-et-ancien-banquier-mark-carney-20250429\" data-fig-type=\"Article\" data-gtm-custom-categorie=\"navigation\" data-gtm-custom-action=\"crossclick\" data-gtm-custom-label=\"Contextuel\" data-gtm-event=\"customEventSPE\" data-fig-domain=\"LEFIGARO\" target=\"_blank\" rel=\"noopener\">Mark Carney<\/a>, a fait escale \u00e0 Bruxelles, lundi, pour un sommet bilat\u00e9ral. Une semaine apr\u00e8s le\u00a0<a href=\"http:\/\/www.lefigaro.fr\/international\/l-ukraine-grande-perdante-d-un-g7-domine-par-la-guerre-au-moyen-orient-20250617\" data-fig-type=\"Article\" data-gtm-custom-categorie=\"navigation\" data-gtm-custom-action=\"crossclick\" data-gtm-custom-label=\"Contextuel\" data-gtm-event=\"customEventSPE\" data-fig-domain=\"LEFIGARO\" target=\"_blank\" rel=\"noopener\">G7 de Kananaskis<\/a>, au Canada, que le pr\u00e9sident am\u00e9ricain a quitt\u00e9 pr\u00e9cipitamment au bout d\u2019une journ\u00e9e, Bruxelles et Ottawa cherchent \u00e0 r\u00e9affirmer leurs \u00ab valeurs communes\u00bb.<\/p>\n<p class=\"fig-paragraph\">Cette coop\u00e9ration se d\u00e9cline sur le plan commercial, avec l\u2019accord de libre-\u00e9change\u00a0<a href=\"http:\/\/www.lefigaro.fr\/politique\/ratification-du-ceta-a-l-assemblee-les-oppositions-infligent-un-camouflet-symbolique-au-gouvernement-20240530\" data-fig-type=\"NewsFlash\" data-gtm-custom-categorie=\"navigation\" data-gtm-custom-action=\"crossclick\" data-gtm-custom-label=\"Contextuel\" data-gtm-event=\"customEventSPE\" data-fig-domain=\"LEFIGARO\" target=\"_blank\" rel=\"noopener\">CETA<\/a>\u00a0(Comprehensive Economic and Trade Agreement), qui a fait bondir les \u00e9changes de plus de 60% depuis son entr\u00e9e en vigueur en 2017, m\u00eame si 10 \u00c9tats europ\u00e9ens \u2013 dont la France \u2013 ne l\u2019ont toujours pas ratifi\u00e9. Elle s\u2019\u00e9tend aussi aux mat\u00e9riaux critiques (dont le nickel canadien), \u00e0 la politique industrielle et au num\u00e9rique. \u00ab Il ne s\u2019agit pas seulement de r\u00e9affirmer et d\u2019intensifier\u2026<\/p>\n<p class=\"fig-premium-paywall__infos\">\n        Cet article est r\u00e9serv\u00e9 aux abonn\u00e9s.        Il vous reste 83% \u00e0 d\u00e9couvrir.\n    <\/p>\n<p>                <img  data- alt=\"Le Figaro\" class=\"fig-img--complete fig-img\"\/><\/p>\n<p class=\"fig-premium-paywall__title\">Vente Flash<\/p>\n<p class=\"fig-premium-paywall__subtitle\">3,99\u20ac par mois pendant 12 mois. Sans engagement.<\/p>\n<p class=\"fig-premium-paywall__connect\">\n                D\u00e9j\u00e0 abonn\u00e9\u00a0?                <a class=\"fig-premium-paywall__connect-link\" href=\"https:\/\/connect.lefigaro.fr\/login?client=horizon_web&amp;type=main&amp;redirect_uri=https%3A%2F%2Fwww.lefigaro.fr%2Finternational%2Fle-canada-et-l-europe-resserrent-les-rangs-face-a-trump-20250623\" data-js-gtm=\"{&quot;customCategorie&quot;: &quot;conversion&quot;, &quot;customAction&quot;: &quot;before_Landing_Connexion_paywall_auto&quot;, &quot;customLabel&quot;: &quot;bGVmaWdhcm8uZnJfXzFmMDRlNzlmLThlY2QtNmY3Ni04NzQwLTA3NjViZDg0ZDEzNV9fQXJ0aWNsZQ==_Le Canada et l\u2019Europe resserrent les rangs face \u00e0 Trump_470&quot;, &quot;customIDSPE&quot;: &quot;bGVmaWdhcm8uZnJfXzFmMDRlNzlmLThlY2QtNmY3Ni04NzQwLTA3NjViZDg0ZDEzNV9fQXJ0aWNsZQ==&quot;, &quot;event&quot;: &quot;customEventSPE&quot;}\" target=\"_blank\" rel=\"noopener\"><br \/>\n                    Connectez-vous<br \/>\n                <\/a>\n            <\/p>\n","protected":false},"excerpt":{"rendered":"\u00c0 la veille du sommet de l\u2019Otan, le premier ministre canadien Mark Carney signe \u00e0 Bruxelles un accord&hellip;\n","protected":false},"author":2,"featured_media":198420,"comment_status":"","ping_status":"","sticky":false,"template":"","format":"standard","meta":{"footnotes":""},"categories":[1586],"tags":[259,11,260,574,1777,674,1011,27,14,261,12,262,25],"class_list":{"0":"post-198419","1":"post","2":"type-post","3":"status-publish","4":"format-standard","5":"has-post-thumbnail","7":"category-europe","8":"tag-actualite-internationale","9":"tag-actualites","10":"tag-affaires-etrangeres","11":"tag-canada","12":"tag-eu","13":"tag-europe","14":"tag-fr","15":"tag-france","16":"tag-international","17":"tag-ministere-des-affaires-etrangeres","18":"tag-news","19":"tag-politique-etrangere","20":"tag-republique-francaise"},"share_on_mastodon":{"url":"https:\/\/pubeurope.com\/@fr\/114733288245560153","error":""},"_links":{"self":[{"href":"https:\/\/www.europesays.com\/fr\/wp-json\/wp\/v2\/posts\/198419","targetHints":{"allow":["GET"]}}],"collection":[{"href":"https:\/\/www.europesays.com\/fr\/wp-json\/wp\/v2\/posts"}],"about":[{"href":"https:\/\/www.europesays.com\/fr\/wp-json\/wp\/v2\/types\/post"}],"author":[{"embeddable":true,"href":"https:\/\/www.europesays.com\/fr\/wp-json\/wp\/v2\/users\/2"}],"replies":[{"embeddable":true,"href":"https:\/\/www.europesays.com\/fr\/wp-json\/wp\/v2\/comments?post=198419"}],"version-history":[{"count":0,"href":"https:\/\/www.europesays.com\/fr\/wp-json\/wp\/v2\/posts\/198419\/revisions"}],"wp:featuredmedia":[{"embeddable":true,"href":"https:\/\/www.europesays.com\/fr\/wp-json\/wp\/v2\/media\/198420"}],"wp:attachment":[{"href":"https:\/\/www.europesays.com\/fr\/wp-json\/wp\/v2\/media?parent=198419"}],"wp:term":[{"taxonomy":"category","embeddable":true,"href":"https:\/\/www.europesays.com\/fr\/wp-json\/wp\/v2\/categories?post=198419"},{"taxonomy":"post_tag","embeddable":true,"href":"https:\/\/www.europesays.com\/fr\/wp-json\/wp\/v2\/tags?post=198419"}],"curies":[{"name":"wp","href":"https:\/\/api.w.org\/{rel}","templated":true}]}}