{"id":198425,"date":"2025-06-23T15:05:10","date_gmt":"2025-06-23T15:05:10","guid":{"rendered":"https:\/\/www.europesays.com\/fr\/198425\/"},"modified":"2025-06-23T15:05:10","modified_gmt":"2025-06-23T15:05:10","slug":"le-patronat-croit-en-un-accord-les-syndicats-laccusent-de-torpiller-la-negociation","status":"publish","type":"post","link":"https:\/\/www.europesays.com\/fr\/198425\/","title":{"rendered":"le patronat croit en un accord, les syndicats l\u2019accusent de \u00abtorpiller\u00bb la n\u00e9gociation"},"content":{"rendered":"<p>En amont de l\u2019ultime rendez-vous des n\u00e9gociations ce lundi, les pr\u00e9sidents de la CPME et du Medef ont \u00e9voqu\u00e9 une \u00abproposition commune\u00bb sur les diff\u00e9rents \u00e9l\u00e9ments attendus par les syndicats.<\/p>\n<p class=\"fig-paragraph\">Le patronat a dit lundi pouvoir obtenir un accord lors de\u00a0<a href=\"http:\/\/www.lefigaro.fr\/conjoncture\/conclave-sur-les-retraites-reunion-de-la-derniere-chance-pour-parvenir-a-un-accord-20250622\" data-fig-type=\"NewsFlash\" data-gtm-custom-categorie=\"navigation\" data-gtm-custom-action=\"crossclick\" data-gtm-custom-label=\"Contextuel\" data-gtm-event=\"customEventSPE\" data-fig-domain=\"LEFIGARO\" rel=\"nofollow noopener\" target=\"_blank\">l\u2019ultime rendez-vous du conclave sur les retraites<\/a>\u00a0avec sa \u00abproposition commune Medef et CPME sur les diff\u00e9rents \u00e9l\u00e9ments qui sont attendus par les syndicats de salari\u00e9s\u00bb, notamment l\u2019\u00e2ge de la d\u00e9cote, les carri\u00e8res des femmes, la p\u00e9nibilit\u00e9. \u00abOn est vraiment dans une logique\u00bb de \u00abvrais efforts des entreprises pour permettre d\u2019avoir un accord (&#8230;) oui, on pense qu\u2019on peut avoir un accord\u00bb, a d\u00e9clar\u00e9 Amir Reza-Tofighi, pr\u00e9sident de la CPME qui s\u2019exprimait aux c\u00f4t\u00e9s de son homologue du Medef, Patrick Martin lors d\u2019une conf\u00e9rence de presse.<\/p>\n<p class=\"fig-paragraph\">Quelques minutes plus tard, la CFDT et la CFE-CGC ont accus\u00e9 le patronat de \u00abtorpiller\u00bb la n\u00e9gociation. \u00abOn demande que la n\u00e9gociation se fasse sur le texte paritaire (&#8230;). Ce que le Medef veut mettre sur la table, c\u2019est du r\u00e9chauff\u00e9\u00bb, a d\u00e9nonc\u00e9 Yvan Ricordeau, en charge de la n\u00e9gociation pour la CFDT.<\/p>\n","protected":false},"excerpt":{"rendered":"En amont de l\u2019ultime rendez-vous des n\u00e9gociations ce lundi, les pr\u00e9sidents de la CPME et du Medef ont&hellip;\n","protected":false},"author":2,"featured_media":198426,"comment_status":"","ping_status":"","sticky":false,"template":"","format":"standard","meta":{"footnotes":""},"categories":[2],"tags":[11,8334,343,8327,8324,8328,257,590,8333,1011,27,8329,4803,12,8325,8331,8332,8323,25,8322,137,1019,801,8330,8326],"class_list":{"0":"post-198425","1":"post","2":"type-post","3":"status-publish","4":"format-standard","5":"has-post-thumbnail","7":"category-actualites","8":"tag-actualites","9":"tag-actualites-sociales","10":"tag-cac-40","11":"tag-comoite-dentreprise","12":"tag-conjoncture","13":"tag-elections-syndicales","14":"tag-entreprise","15":"tag-finance","16":"tag-fiscalite-des-entreprises","17":"tag-fr","18":"tag-france","19":"tag-gestion-entreprise","20":"tag-medef","21":"tag-news","22":"tag-oeuvres-sociales","23":"tag-pme","24":"tag-pmi","25":"tag-primes","26":"tag-republique-francaise","27":"tag-ressources-humaines","28":"tag-retraite","29":"tag-rh","30":"tag-social","31":"tag-tpe","32":"tag-trseorerie"},"share_on_mastodon":{"url":"","error":""},"_links":{"self":[{"href":"https:\/\/www.europesays.com\/fr\/wp-json\/wp\/v2\/posts\/198425","targetHints":{"allow":["GET"]}}],"collection":[{"href":"https:\/\/www.europesays.com\/fr\/wp-json\/wp\/v2\/posts"}],"about":[{"href":"https:\/\/www.europesays.com\/fr\/wp-json\/wp\/v2\/types\/post"}],"author":[{"embeddable":true,"href":"https:\/\/www.europesays.com\/fr\/wp-json\/wp\/v2\/users\/2"}],"replies":[{"embeddable":true,"href":"https:\/\/www.europesays.com\/fr\/wp-json\/wp\/v2\/comments?post=198425"}],"version-history":[{"count":0,"href":"https:\/\/www.europesays.com\/fr\/wp-json\/wp\/v2\/posts\/198425\/revisions"}],"wp:featuredmedia":[{"embeddable":true,"href":"https:\/\/www.europesays.com\/fr\/wp-json\/wp\/v2\/media\/198426"}],"wp:attachment":[{"href":"https:\/\/www.europesays.com\/fr\/wp-json\/wp\/v2\/media?parent=198425"}],"wp:term":[{"taxonomy":"category","embeddable":true,"href":"https:\/\/www.europesays.com\/fr\/wp-json\/wp\/v2\/categories?post=198425"},{"taxonomy":"post_tag","embeddable":true,"href":"https:\/\/www.europesays.com\/fr\/wp-json\/wp\/v2\/tags?post=198425"}],"curies":[{"name":"wp","href":"https:\/\/api.w.org\/{rel}","templated":true}]}}