{"id":198435,"date":"2025-06-23T15:10:16","date_gmt":"2025-06-23T15:10:16","guid":{"rendered":"https:\/\/www.europesays.com\/fr\/198435\/"},"modified":"2025-06-23T15:10:16","modified_gmt":"2025-06-23T15:10:16","slug":"atp-feliciano-lopez-sur-novak-djokovic-il-faut-faire-attention-a-ce-que-lon-dit-a-son-sujet","status":"publish","type":"post","link":"https:\/\/www.europesays.com\/fr\/198435\/","title":{"rendered":"ATP > Feliciano Lopez sur Novak Djokovic : \u00ab\u00a0Il faut faire attention \u00e0 ce que l&rsquo;on dit \u00e0 son sujet&#8230;\u00a0\u00bb"},"content":{"rendered":"<p>Au micro de <a href=\"https:\/\/www.skysports.com\/tennis\/news\/32498\/13385766\/jack-draper-three-time-wimbledon-quarter-finalist-feliciano-lopez-amazed-by-improvement-from-british-no-1\" data-wpel-link=\"external\" target=\"_blank\" rel=\"nofollow external noopener\">Sky Sports<\/a>, l\u2019an\u00adcien 12e joueur mondial et actuel direc\u00adteur du Masters 1000 de Madrid, Feliciano Lopez, a \u00e9valu\u00e9 les chances de Novak Djokovic \u00e0 Wimbledon (29 juin au 13 juillet), o\u00f9 il visera un 25e titre en Grand Chelem.<\/p>\n<p><strong>\u00ab\u202fIl est diffi\u00adcile de dire si c\u2019est la derni\u00e8re chance de Novak, car avec Novak, il faut faire atten\u00adtion \u00e0 ce que l\u2019on dit \u00e0 son sujet. Il n\u2019est pas au niveau de Carlos et Jannik, surtout ces 18 derniers mois, car les chiffres parlent d\u2019eux\u2010m\u00eames, mais la fa\u00e7on dont il a jou\u00e9 contre Sinner m\u2019a surpris. Il a d\u00e9fi\u00e9 Sinner et l\u2019a pouss\u00e9 dans ses derniers retran\u00adche\u00adments et, m\u00eame si l\u2019\u00e9cart est encore impor\u00adtant, je pense que le gazon est le seul endroit o\u00f9 il peut atteindre leur niveau (\u00e0 Alcaraz et Sinner), car le gazon est tr\u00e8s diff\u00e9\u00adrent. Djokovic a prouv\u00e9 qu\u2019il pouvait encore riva\u00adliser \u00e0 ce niveau, mais il aura plus de chances sur\u00a0gazon.\u202f\u00bb<\/strong><\/p>\n<p class=\"post-published-date\" style=\"color: silver; font-size: 75%; text-align: left;\">Publi\u00e9 le lundi 23 juin 2025 \u00e0 15:25<\/p>\n","protected":false},"excerpt":{"rendered":"Au micro de Sky Sports, l\u2019an\u00adcien 12e joueur mondial et actuel direc\u00adteur du Masters 1000 de Madrid, Feliciano&hellip;\n","protected":false},"author":2,"featured_media":40379,"comment_status":"","ping_status":"","sticky":false,"template":"","format":"standard","meta":{"footnotes":""},"categories":[1415],"tags":[1744,105,1011,27,2127,60,1467],"class_list":{"0":"post-198435","1":"post","2":"type-post","3":"status-publish","4":"format-standard","5":"has-post-thumbnail","7":"category-tennis","8":"tag-alcaraz","9":"tag-djokovic","10":"tag-fr","11":"tag-france","12":"tag-sinner","13":"tag-sports","14":"tag-tennis"},"share_on_mastodon":{"url":"https:\/\/pubeurope.com\/@fr\/114733319674420260","error":""},"_links":{"self":[{"href":"https:\/\/www.europesays.com\/fr\/wp-json\/wp\/v2\/posts\/198435","targetHints":{"allow":["GET"]}}],"collection":[{"href":"https:\/\/www.europesays.com\/fr\/wp-json\/wp\/v2\/posts"}],"about":[{"href":"https:\/\/www.europesays.com\/fr\/wp-json\/wp\/v2\/types\/post"}],"author":[{"embeddable":true,"href":"https:\/\/www.europesays.com\/fr\/wp-json\/wp\/v2\/users\/2"}],"replies":[{"embeddable":true,"href":"https:\/\/www.europesays.com\/fr\/wp-json\/wp\/v2\/comments?post=198435"}],"version-history":[{"count":0,"href":"https:\/\/www.europesays.com\/fr\/wp-json\/wp\/v2\/posts\/198435\/revisions"}],"wp:featuredmedia":[{"embeddable":true,"href":"https:\/\/www.europesays.com\/fr\/wp-json\/wp\/v2\/media\/40379"}],"wp:attachment":[{"href":"https:\/\/www.europesays.com\/fr\/wp-json\/wp\/v2\/media?parent=198435"}],"wp:term":[{"taxonomy":"category","embeddable":true,"href":"https:\/\/www.europesays.com\/fr\/wp-json\/wp\/v2\/categories?post=198435"},{"taxonomy":"post_tag","embeddable":true,"href":"https:\/\/www.europesays.com\/fr\/wp-json\/wp\/v2\/tags?post=198435"}],"curies":[{"name":"wp","href":"https:\/\/api.w.org\/{rel}","templated":true}]}}