{"id":198436,"date":"2025-06-23T15:11:09","date_gmt":"2025-06-23T15:11:09","guid":{"rendered":"https:\/\/www.europesays.com\/fr\/198436\/"},"modified":"2025-06-23T15:11:09","modified_gmt":"2025-06-23T15:11:09","slug":"lasvel-feminin-retrogradee-en-ligue-regionale-par-la-commission-de-controle-de-gestion-de-la-ffbb-lequipe","status":"publish","type":"post","link":"https:\/\/www.europesays.com\/fr\/198436\/","title":{"rendered":"L&#039;Asvel f\u00e9minin r\u00e9trograd\u00e9e en Ligue r\u00e9gionale par la commission de contr\u00f4le de gestion de la FFBB &#8211; L&#039;\u00c9quipe"},"content":{"rendered":"<ol>\n<li><a href=\"https:\/\/news.google.com\/rss\/articles\/CBMi4AFBVV95cUxNWmNSYkZMNnRnNE5wWDc1QkN0V1FicXVyd1UyQkxxblZad21iQm9nb0dGUE5fMVZfSXYzUnNvWkc4ZVpzZEJBbDdBUHc1NXNKODBOSHpEX1h2WTdSRFl1ZUNpSzltRDZBTDRDcnlFMnUzREFUTUduTDVjV0xUeTFzOGNaMnotV2pXWmlUVFJtdm9lRHQ5YmN1aXlCMXVpdERhNnh1N1BJZmN6OGZXclVRaV9rbmFTWWpBRTAySjRUd0xYTGhLMWNzTEJpVVhCR1ZUUmoxakk2cFl3TnRtaWk4Rw?oc=5\" target=\"_blank\" rel=\"noopener\">L&rsquo;Asvel f\u00e9minin r\u00e9trograd\u00e9e en Ligue r\u00e9gionale par la commission de contr\u00f4le de gestion de la FFBB<\/a>&nbsp;&nbsp;L&rsquo;\u00c9quipe<\/li>\n<li><a href=\"https:\/\/news.google.com\/rss\/articles\/CBMijAFBVV95cUxNTi1RR2ZQZTJ5M0FxdjlJRlZ3LVVwSVpqVmZhLWxMMzlaakNOQjQxVjM1SjlBVHA0QkM5em9IMXMwaWNzbThzSUhNcXZ6X3YwTEtNRlIxbVJmOVYtZWh5VG9WSUwwTHV1cWN6U2h1Wnl4Z0hKMlN2ZGZIMlpzcm01b3BVWld0R2xlTzhrQg?oc=5\" target=\"_blank\" rel=\"noopener\">LDLC ASVEL F\u00e9minin fait appel de la d\u00e9cision de la CCG<\/a>&nbsp;&nbsp;LDLC ASVEL F\u00c9MININ<\/li>\n<li><a href=\"https:\/\/news.google.com\/rss\/articles\/CBMimAJBVV95cUxObW9mMGphTWROeVhZeVZMcl83Zm9JV2Jod0VuUnoxMUExdW5vd1dpRDZpVFNhclhZVVN5QkdFY3QzeE15QmNPNnYzZm9vNG1SVDZpODdDcmFqc1pvVUNVUnBNVnVmWjhpQXdVVGNvOGlhV1ZJSE9CWmZTZmtIOGllS1IyVnI1ajRQQjVfcmNNQlROUDBNVWRJSHVUM2tMNWl2SS1WZjd6cS1XTTVCZzZDNHBESEtpd1pKZmR1bDB6M3JVMjlJNlpxLVk3SVlNM3RCQ050QnQtNHZyVktETDBWclhTdWtFZEU5dGFtYm5ib3BNZHRZRmpwbVNEUFRBOXBDZG1wQWRZel83MDZDWTVDQi12T2d1UDlR?oc=5\" target=\"_blank\" rel=\"noopener\">Apr\u00e8s Tarbes, au tour de Lyon Asvel d&rsquo;\u00eatre r\u00e9trograd\u00e9 par la commission de contr\u00f4le de gestion de la F\u00e9d\u00e9ration fran\u00e7aise de basket-ball<\/a>&nbsp;&nbsp;Le Berry R\u00e9publicain<\/li>\n<li><a href=\"https:\/\/news.google.com\/rss\/articles\/CBMikgFBVV95cUxQSTY3bkdGR1dPU25VY0k0aEEwalJUOENCWlRuQWhPWmhnUTV1UHA2SXBwbG1CNzdhamozV2hmNFh4XzYxbThleURiTGE2SkkxbkZuc1VkVHFpc3ZPNFRTWjM4SzFtaXotamRpcEhQdTFwcjM5Vjdwbk1GU2hsNlh4ZVJHcHZqYTc3YXRPRllYenNNZw?oc=5\" target=\"_blank\" rel=\"noopener\">Basket. L&rsquo;Asvel f\u00e9minin r\u00e9trograd\u00e9e en ligue r\u00e9gionale<\/a>&nbsp;&nbsp;Le Progr\u00e8s<\/li>\n<li><a href=\"https:\/\/news.google.com\/rss\/articles\/CBMinAFBVV95cUxNeGF6eWZSUVRXcXRQTFNTN1dIa1AxSnJ6cTZaMER1aHktbVFkTzdaSzJ2R2RHcUwwZ2w1azViMDRQVk41eHhadmNnR3ZaS013R0hvaGo4NXY5UzBFSW5oMWt1RmRLZTZMOXBrVEhjdFJsV2VpWUJGdk5lYkRNSmg2U2hNMmRpVi1HVEs2T1BjQXZqakRITzBwaDBUNkc?oc=5\" target=\"_blank\" rel=\"noopener\">R\u00e9trogradation en ligue r\u00e9gionale pour l\u2019ASVEL f\u00e9minin<\/a>&nbsp;&nbsp;lyonfemmes.com<\/li>\n<\/ol>\n","protected":false},"excerpt":{"rendered":"L&rsquo;Asvel f\u00e9minin r\u00e9trograd\u00e9e en Ligue r\u00e9gionale par la commission de contr\u00f4le de gestion de la FFBB&nbsp;&nbsp;L&rsquo;\u00c9quipe LDLC ASVEL&hellip;\n","protected":false},"author":2,"featured_media":198437,"comment_status":"","ping_status":"","sticky":false,"template":"","format":"standard","meta":{"footnotes":""},"categories":[1414],"tags":[1465,1464,1011,27,60],"class_list":{"0":"post-198436","1":"post","2":"type-post","3":"status-publish","4":"format-standard","5":"has-post-thumbnail","7":"category-basket","8":"tag-basket","9":"tag-basketball","10":"tag-fr","11":"tag-france","12":"tag-sports"},"share_on_mastodon":{"url":"https:\/\/pubeurope.com\/@fr\/114733323627853545","error":""},"_links":{"self":[{"href":"https:\/\/www.europesays.com\/fr\/wp-json\/wp\/v2\/posts\/198436","targetHints":{"allow":["GET"]}}],"collection":[{"href":"https:\/\/www.europesays.com\/fr\/wp-json\/wp\/v2\/posts"}],"about":[{"href":"https:\/\/www.europesays.com\/fr\/wp-json\/wp\/v2\/types\/post"}],"author":[{"embeddable":true,"href":"https:\/\/www.europesays.com\/fr\/wp-json\/wp\/v2\/users\/2"}],"replies":[{"embeddable":true,"href":"https:\/\/www.europesays.com\/fr\/wp-json\/wp\/v2\/comments?post=198436"}],"version-history":[{"count":0,"href":"https:\/\/www.europesays.com\/fr\/wp-json\/wp\/v2\/posts\/198436\/revisions"}],"wp:featuredmedia":[{"embeddable":true,"href":"https:\/\/www.europesays.com\/fr\/wp-json\/wp\/v2\/media\/198437"}],"wp:attachment":[{"href":"https:\/\/www.europesays.com\/fr\/wp-json\/wp\/v2\/media?parent=198436"}],"wp:term":[{"taxonomy":"category","embeddable":true,"href":"https:\/\/www.europesays.com\/fr\/wp-json\/wp\/v2\/categories?post=198436"},{"taxonomy":"post_tag","embeddable":true,"href":"https:\/\/www.europesays.com\/fr\/wp-json\/wp\/v2\/tags?post=198436"}],"curies":[{"name":"wp","href":"https:\/\/api.w.org\/{rel}","templated":true}]}}