{"id":198440,"date":"2025-06-23T15:13:12","date_gmt":"2025-06-23T15:13:12","guid":{"rendered":"https:\/\/www.europesays.com\/fr\/198440\/"},"modified":"2025-06-23T15:13:12","modified_gmt":"2025-06-23T15:13:12","slug":"apres-la-formule-1-liberty-media-rachete-le-motogp","status":"publish","type":"post","link":"https:\/\/www.europesays.com\/fr\/198440\/","title":{"rendered":"Apr\u00e8s la Formule\u00a01, Liberty Media rach\u00e8te le MotoGP"},"content":{"rendered":"<p>La Commission europ\u00e9enne a approuv\u00e9 lundi le rachat du MotoGP par Liberty Media. Le groupe am\u00e9ricain, d\u00e9j\u00e0 d\u00e9tenteur de la Formule\u00a01, \u00e9tend son influence sur les sports m\u00e9caniques.<\/p>\n<p class=\"fig-paragraph\">La Commission europ\u00e9enne a approuv\u00e9 sans condition lundi le rachat du MotoGP par Liberty Media, d\u00e9j\u00e0 d\u00e9tenteur de la Formule 1, ont annonc\u00e9 lundi les parties concern\u00e9es dans un communiqu\u00e9. \u00abLiberty Media Corporation a re\u00e7u aujourd&rsquo;hui (lundi) l&rsquo;autorisation sans condition de la Commission europ\u00e9enne pour finaliser son acquisition de Dorna Sports, d\u00e9tenteur des droits du MotoGP\u00bb, peut-on lire dans le communiqu\u00e9, qui pr\u00e9cise que la transaction sera conclue au plus tard le 3 juillet 2025.<\/p>\n<p class=\"fig-paragraph\">Liberty Media, entreprise am\u00e9ricaine de m\u00e9dias de masse, a rachet\u00e9 la Formule\u00a01 en 2016. L\u2019op\u00e9ration de rachat du MotoGP\u00a0<a href=\"http:\/\/www.lefigaro.fr\/sports\/moto\/moto-gp-proprietaire-de-la-f1-le-groupe-americain-liberty-media-rachete-la-motogp-officiel-20240401\" data-fig-type=\"NewsFlash\" data-gtm-custom-categorie=\"navigation\" data-gtm-custom-action=\"crossclick\" data-gtm-custom-label=\"Contextuel\" data-gtm-event=\"customEventSPE\" data-fig-domain=\"LEFIGARO\" target=\"_blank\" rel=\"noopener\">avait d\u00e9but\u00e9 il y a un peu plus d\u2019un an<\/a>, et \u00e9tait soumise au feu vert des diff\u00e9rentes autorit\u00e9s de r\u00e9gulation. \u00abNous sommes tr\u00e8s contents de d\u00e9velopper notre portefeuille dans le secteur du sport et du divertissement avec l\u2019acquisition du championnat de MotoGP\u00bb, avait comment\u00e9 le PDG de Liberty Media; Greg Maffei, en avril 2024.<\/p>\n","protected":false},"excerpt":{"rendered":"La Commission europ\u00e9enne a approuv\u00e9 lundi le rachat du MotoGP par Liberty Media. Le groupe am\u00e9ricain, d\u00e9j\u00e0 d\u00e9tenteur&hellip;\n","protected":false},"author":2,"featured_media":198441,"comment_status":"","ping_status":"","sticky":false,"template":"","format":"standard","meta":{"footnotes":""},"categories":[1412],"tags":[7589,7590,1976,525,7592,1981,1979,4266,1451,1452,1453,1454,1455,1011,27,7591,1982,4922,1457,6033,1458,1978,1980,60,4921],"class_list":{"0":"post-198440","1":"post","2":"type-post","3":"status-publish","4":"format-standard","5":"has-post-thumbnail","7":"category-f1","8":"tag-125cc","9":"tag-250cc","10":"tag-auto-moto","11":"tag-calendrier","12":"tag-circuits","13":"tag-classement","14":"tag-constructeurs","15":"tag-ducati","16":"tag-f1","17":"tag-formula-1","18":"tag-formula1","19":"tag-formule-1","20":"tag-formule1","21":"tag-fr","22":"tag-france","23":"tag-gp","24":"tag-grand-prix","25":"tag-honda","26":"tag-moto","27":"tag-moto-gp","28":"tag-motogp","29":"tag-pilotes","30":"tag-resultats","31":"tag-sports","32":"tag-yamaha"},"share_on_mastodon":{"url":"https:\/\/pubeurope.com\/@fr\/114733331460313278","error":""},"_links":{"self":[{"href":"https:\/\/www.europesays.com\/fr\/wp-json\/wp\/v2\/posts\/198440","targetHints":{"allow":["GET"]}}],"collection":[{"href":"https:\/\/www.europesays.com\/fr\/wp-json\/wp\/v2\/posts"}],"about":[{"href":"https:\/\/www.europesays.com\/fr\/wp-json\/wp\/v2\/types\/post"}],"author":[{"embeddable":true,"href":"https:\/\/www.europesays.com\/fr\/wp-json\/wp\/v2\/users\/2"}],"replies":[{"embeddable":true,"href":"https:\/\/www.europesays.com\/fr\/wp-json\/wp\/v2\/comments?post=198440"}],"version-history":[{"count":0,"href":"https:\/\/www.europesays.com\/fr\/wp-json\/wp\/v2\/posts\/198440\/revisions"}],"wp:featuredmedia":[{"embeddable":true,"href":"https:\/\/www.europesays.com\/fr\/wp-json\/wp\/v2\/media\/198441"}],"wp:attachment":[{"href":"https:\/\/www.europesays.com\/fr\/wp-json\/wp\/v2\/media?parent=198440"}],"wp:term":[{"taxonomy":"category","embeddable":true,"href":"https:\/\/www.europesays.com\/fr\/wp-json\/wp\/v2\/categories?post=198440"},{"taxonomy":"post_tag","embeddable":true,"href":"https:\/\/www.europesays.com\/fr\/wp-json\/wp\/v2\/tags?post=198440"}],"curies":[{"name":"wp","href":"https:\/\/api.w.org\/{rel}","templated":true}]}}