{"id":198445,"date":"2025-06-23T15:16:09","date_gmt":"2025-06-23T15:16:09","guid":{"rendered":"https:\/\/www.europesays.com\/fr\/198445\/"},"modified":"2025-06-23T15:16:09","modified_gmt":"2025-06-23T15:16:09","slug":"sacha-goeller-debut-de-soiree-hospitalise-jai-mis-plusieurs-mois-a-pouvoir-remarcher","status":"publish","type":"post","link":"https:\/\/www.europesays.com\/fr\/198445\/","title":{"rendered":"Sacha Go\u00ebller (D\u00e9but de soir\u00e9e) hospitalis\u00e9 : \u00ab\u00a0J\u2019ai mis plusieurs mois \u00e0 pouvoir remarcher\u00a0\u00bb"},"content":{"rendered":"<p class=\"p1\">Voil\u00e0 plus de 30 ans que <strong>Sacha<br \/>\nGo\u00ebller<\/strong> a escalad\u00e9 le Top 50 gr\u00e2ce \u00e0 <strong>la chanson<br \/>\nNuit de folie<\/strong> qu&rsquo;il interpr\u00e9tait avec William<br \/>\nPicard sous le nom de <a href=\"https:\/\/www.closermag.fr\/people\/sacha-goeller-debut-de-soiree-voir-la-france-se-mourir-ainsi-me-rend-triste-3557459\" rel=\"nofollow noopener\" target=\"_blank\"><br \/>\nD\u00e9but de soir\u00e9e<\/a>. Entre temps, le duo s&rsquo;est s\u00e9par\u00e9, puis<br \/>\nbri\u00e8vement reform\u00e9 \u00e0 la faveur d&rsquo;un film, Stars 80 de<br \/>\nFr\u00e9d\u00e9ric Forestier et Thomas Langmann, en 2012. \u00ab\u00a0Quand on vit<br \/>\nle moment, on n&rsquo;est pas conscient, m\u00eame si tout le monde vous dit<br \/>\n: &lsquo;Profite ! \u00c7a passe trop vite\u2026'\u00a0\u00bb, confie Sacha Go\u00ebller dans<br \/>\nune interview accord\u00e9e \u00e0 France Dimanche.<\/p>\n<p class=\"p1\">S&rsquo;<strong>il pensait \u00eatre \u00ab\u00a0le roi du<br \/>\nmonde\u00a0\u00bb<\/strong> \u00e0 22 ans, le chanteur a r\u00e9alis\u00e9 qu&rsquo;il avait<br \/>\nchut\u00e9 de son tr\u00f4ne lors d&rsquo;<strong>une longue travers\u00e9e du d\u00e9sert<br \/>\npendant les ann\u00e9es 90<\/strong>. \u00ab\u00a0Heureusement que certains ont<br \/>\nalors eu l&rsquo;id\u00e9e d&rsquo;organiser ce revival des ann\u00e9es 80, quelle chance<br \/>\n!\u00a0\u00bb, se r\u00e9jouit-il, encore surpris de ce \u00ab\u00a0nouveau<br \/>\nsucc\u00e8s\u00a0\u00bb qui l&rsquo;a notamment aid\u00e9 \u00e0 surmonter une difficile<br \/>\n\u00e9preuve.<\/p>\n<p>Sacha Go\u00ebller : pourquoi a-t-il \u00e9t\u00e9 hospitalis\u00e9 ?<\/p>\n<p class=\"p1\">En 2018, Sacha Go\u00ebller a eu <strong>un \u00ab\u00a0s\u00e9rieux<br \/>\np\u00e9pin de sant\u00e9\u00a0\u00bb<\/strong>, \u00e9voquent nos confr\u00e8res. A l&rsquo;origine<br \/>\nde l&rsquo;accident, <strong>une m\u00e9chante chute<\/strong>. \u00ab\u00a0A<br \/>\nl&rsquo;enregistrement d&rsquo;une \u00e9mission pour M6, en descendant de sc\u00e8ne, je<br \/>\nme suis cogn\u00e9 sur un fly case [caisson de rangement du mat\u00e9riel,<br \/>\nndlr] et ouvert le tibia\u00a0\u00bb, raconte le chanteur qui se souvient<br \/>\navoir \u00ab\u00a0vraisemblablement contract\u00e9 <strong>une bact\u00e9rie venue<br \/>\nse loger sur l&rsquo;os<\/strong>\u00ab\u00a0.<\/p>\n<p class=\"p1\">A son arriv\u00e9e \u00e0 l&rsquo;h\u00f4pital, les m\u00e9decins ne cachent<br \/>\npas leur inqui\u00e9tude, craignant <strong>un risque de<\/strong><br \/>\n<a href=\"https:\/\/www.science-et-vie.com\/corps-et-sante\/paralysie-une-nouvelle-therapie-pour-marcher-de-nouveau-65997.html\" rel=\"nofollow noopener\" target=\"_blank\"><br \/>\nparalysie<\/a>. L&rsquo;interpr\u00e8te de Nuit de folie poursuit :<br \/>\n\u00ab\u00a0<strong>J&rsquo;ai \u00e9t\u00e9 hospitalis\u00e9 pendant six semaine<\/strong>s,<br \/>\ncouch\u00e9, sous perfusion d&rsquo;antibiotiques, sans pouvoir bouger\u00a0\u00bb.<br \/>\nDe longues semaines ont \u00e9t\u00e9 n\u00e9cessaires \u00e0 sa totale gu\u00e9rison.<br \/>\n\u00ab\u00a0<strong>J&rsquo;ai mis plusieurs mois \u00e0 pouvoir remarcher<\/strong><br \/>\n[&#8230;] Je m&rsquo;en suis sorti. N\u00e9anmoins, \u00e7a a chang\u00e9 ma fa\u00e7on<br \/>\nde voir les choses\u00a0\u00bb, conclut le musicien.<\/p>\n<p>Sacha Go\u00ebller : cette \u00ab\u00a0exp\u00e9rience<br \/>\nhumaine incroyable\u00a0\u00bb<\/p>\n<p class=\"p1\">De cette difficile \u00e9preuve, <a href=\"https:\/\/www.closermag.fr\/people\/sacha-goeller-debut-de-soiree-voir-la-france-se-mourir-ainsi-me-rend-triste-3557459\" rel=\"nofollow noopener\" target=\"_blank\"><br \/>\nSacha Go\u00ebller<\/a> retient \u00ab\u00a0qu&rsquo;en un claquement de doigts, on<br \/>\npeut passer de l&rsquo;autre c\u00f4t\u00e9 ou se retrouver dans une chaise<br \/>\nroulante\u00a0\u00bb. Il faut dire que le jeune sexag\u00e9naire a \u00e9t\u00e9<br \/>\n<strong>particuli\u00e8rement bien entour\u00e9 et pris en charge<\/strong> en<br \/>\nEspagne, o\u00f9 il r\u00e9side depuis 25 ans.<\/p>\n<p class=\"p1\">\u00ab\u00a0Au-del\u00e0 de la souffrance, <strong>j&rsquo;ai v\u00e9cu une<br \/>\nexp\u00e9rience humaine incroyable<\/strong>, r\u00e9sume-t-il. \u00c7a<br \/>\nfait chaud au coeur de voir qu&rsquo;il y a des belles personnes.<br \/>\nAujourd&rsquo;hui, <strong>je suis remis sur pied<\/strong>, et tout va<br \/>\nbien !\u00a0\u00bb. Sacha Go\u00ebller remontera sur sc\u00e8ne \u00e0 l&rsquo;occasion de la<br \/>\ntourn\u00e9e La Croisi\u00e8re s&rsquo;amuse, sp\u00e9cial ann\u00e9es 80<br \/>\norganis\u00e9e\u00a0\u00e0 bord du Costa Smeralda, en septembre prochain.<\/p>\n","protected":false},"excerpt":{"rendered":"Voil\u00e0 plus de 30 ans que Sacha Go\u00ebller a escalad\u00e9 le Top 50 gr\u00e2ce \u00e0 la chanson Nuit&hellip;\n","protected":false},"author":2,"featured_media":198446,"comment_status":"","ping_status":"","sticky":false,"template":"","format":"standard","meta":{"footnotes":""},"categories":[1359],"tags":[548,58,59,1011,27,973],"class_list":{"0":"post-198445","1":"post","2":"type-post","3":"status-publish","4":"format-standard","5":"has-post-thumbnail","7":"category-people","8":"tag-article-simple","9":"tag-divertissement","10":"tag-entertainment","11":"tag-fr","12":"tag-france","13":"tag-people"},"share_on_mastodon":{"url":"https:\/\/pubeurope.com\/@fr\/114733343361748495","error":""},"_links":{"self":[{"href":"https:\/\/www.europesays.com\/fr\/wp-json\/wp\/v2\/posts\/198445","targetHints":{"allow":["GET"]}}],"collection":[{"href":"https:\/\/www.europesays.com\/fr\/wp-json\/wp\/v2\/posts"}],"about":[{"href":"https:\/\/www.europesays.com\/fr\/wp-json\/wp\/v2\/types\/post"}],"author":[{"embeddable":true,"href":"https:\/\/www.europesays.com\/fr\/wp-json\/wp\/v2\/users\/2"}],"replies":[{"embeddable":true,"href":"https:\/\/www.europesays.com\/fr\/wp-json\/wp\/v2\/comments?post=198445"}],"version-history":[{"count":0,"href":"https:\/\/www.europesays.com\/fr\/wp-json\/wp\/v2\/posts\/198445\/revisions"}],"wp:featuredmedia":[{"embeddable":true,"href":"https:\/\/www.europesays.com\/fr\/wp-json\/wp\/v2\/media\/198446"}],"wp:attachment":[{"href":"https:\/\/www.europesays.com\/fr\/wp-json\/wp\/v2\/media?parent=198445"}],"wp:term":[{"taxonomy":"category","embeddable":true,"href":"https:\/\/www.europesays.com\/fr\/wp-json\/wp\/v2\/categories?post=198445"},{"taxonomy":"post_tag","embeddable":true,"href":"https:\/\/www.europesays.com\/fr\/wp-json\/wp\/v2\/tags?post=198445"}],"curies":[{"name":"wp","href":"https:\/\/api.w.org\/{rel}","templated":true}]}}