{"id":198447,"date":"2025-06-23T15:17:14","date_gmt":"2025-06-23T15:17:14","guid":{"rendered":"https:\/\/www.europesays.com\/fr\/198447\/"},"modified":"2025-06-23T15:17:14","modified_gmt":"2025-06-23T15:17:14","slug":"invitation-entree-gratuite-au-salon-de-la-photo-2025-avec-phototrend-ptrend25","status":"publish","type":"post","link":"https:\/\/www.europesays.com\/fr\/198447\/","title":{"rendered":"Invitation \/ entr\u00e9e gratuite au Salon de la Photo 2025 avec Phototrend (PTREND25)"},"content":{"rendered":"<p>Du 9 au 12 octobre 2025, le <strong>Salon de la Photo<\/strong> revient \u00e0 la <strong>Grande Halle de la Villette<\/strong> \u00e0 Paris. Comme chaque ann\u00e9e, <strong>Phototrend<\/strong> vous offre <strong>votre entr\u00e9e pour le Salon de la Photo<\/strong> (au lieu de 13 \u20ac) pour d\u00e9couvrir les derni\u00e8res <strong>nouveaut\u00e9s photo et vid\u00e9o<\/strong>. Voici comment en profiter.<\/p>\n<p><img decoding=\"async\" width=\"1200\" height=\"628\" loading=\"lazy\" src=\"https:\/\/www.europesays.com\/fr\/wp-content\/uploads\/2025\/06\/phototrend-salon-de-la-photo-2025.jpg\" alt=\"\" class=\"wp-image-241860\"  \/><\/p>\n<p>Photographes passionn\u00e9s, amateurs \u00e9clair\u00e9s ou curieux de l\u2019image, ne manquez pas ce rendez-vous incontournable. Pour obtenir votre <strong>invitation au Salon de la Photo 2025<\/strong> et r\u00e9cup\u00e9rer votre badge d\u2019acc\u00e8s, il vous suffit de :<\/p>\n<p><img decoding=\"async\" width=\"1400\" height=\"775\" loading=\"lazy\" src=\"https:\/\/www.europesays.com\/fr\/wp-content\/uploads\/2025\/06\/invitation-gratuite-salon-de-la-photo-2025-1400x775.jpg\" alt=\"\" class=\"wp-image-241861\" style=\"width:770px;height:auto\"  \/><\/p>\n<p>Un salon toujours plus immersif, \u00e0 la Grande Halle de la Villette<\/p>\n<p>Install\u00e9 depuis 2022 \u00e0 la <strong>Grande Halle de la Villette<\/strong>, le Salon de la Photo poursuit sa transformation. Avec sa signature \u2014 Photographier, Filmer, Cr\u00e9er \u2014, l\u2019\u00e9v\u00e9nement met l\u2019accent sur <strong>l\u2019exp\u00e9rience<\/strong>, la <strong>cr\u00e9ation<\/strong> et la transmission.<\/p>\n<p>Conf\u00e9rences, tables rondes, d\u00e9monstrations en direct, <strong>Photo spots<\/strong> pour tester le mat\u00e9riel\u2026 Le programme 2025 promet d\u2019\u00eatre riche. Le Salon s\u2019impose d\u00e9sormais comme <strong>un lieu de d\u00e9couverte<\/strong>, mais aussi d\u2019apprentissage pour les cr\u00e9ateurs d\u2019images de tous horizons.<\/p>\n<p>Le Salon de la Photo 2024 confirme le <strong>succ\u00e8s de son nouveau format<\/strong> \u00e0 la Grande Halle de la Villette : plus <strong>immersif<\/strong>, centr\u00e9 sur la <strong>pratique<\/strong> et la <strong>cr\u00e9ation<\/strong>. Malgr\u00e9 l\u2019absence de certains grands noms du secteur, l\u2019\u00e9v\u00e9nement a attir\u00e9 un public vari\u00e9 gr\u00e2ce aux d\u00e9monstrations, rencontres et <strong>d\u00e9couvertes de nouveaut\u00e9s mat\u00e9riel<\/strong>.<\/p>\n<p><img decoding=\"async\" loading=\"lazy\" src=\"https:\/\/www.europesays.com\/fr\/wp-content\/uploads\/2025\/06\/phototrend-salon-de-la-photo-2024-stand-canon.jpg\" alt=\"\"\/><\/p>\n<p>Cette \u00e9dition 2025 devrait r\u00e9server <strong>quelques surprises<\/strong>, avec notamment, selon nos sources, des stands de constructeurs red\u00e9finis pour certains, <strong>plus de prise en main et d\u2019ateliers<\/strong>, et toujours de nombreuses conf\u00e9rences et tables rondes pour en apprendre davantage sur les pratiques photo et vid\u00e9o des professionnels.<\/p>\n<p><img decoding=\"async\" loading=\"lazy\" src=\"https:\/\/www.europesays.com\/fr\/wp-content\/uploads\/2025\/06\/phototrend-salon-photo-2024-sony-101024-7118.jpg\" alt=\"\"\/><\/p>\n<p>Cette ann\u00e9e encore, le <strong>Salon de la Photo 2025<\/strong> sera l\u2019occasion de d\u00e9couvrir une multitude de nouveaut\u00e9s en mati\u00e8re de <strong>bo\u00eetiers hybrides<\/strong>, <strong>objectifs<\/strong> et <strong>accessoires photo et vid\u00e9o<\/strong>. <\/p>\n<p>Canon devrait mettre en avant ses derniers hybrides, ainsi que le nouveau <strong><a href=\"https:\/\/phototrend.fr\/2025\/03\/canon-powershot-v1-compact-vlog\/\" target=\"_blank\" rel=\"noopener\">PowerShot V1<\/a><\/strong>, un compact pens\u00e9 pour les cr\u00e9ateurs de contenu. De son c\u00f4t\u00e9, Nikon pr\u00e9sentera ses nouveaut\u00e9s, dont le <a href=\"https:\/\/phototrend.fr\/2025\/04\/test-nikon-z5-ii\/\" target=\"_blank\" rel=\"noopener\"><strong>Nikon Z5 II<\/strong><\/a>. Chez Sony, plusieurs objectifs seront \u00e0 d\u00e9couvrir, dont le dernier <a href=\"https:\/\/phototrend.fr\/2025\/04\/test-sony-fe-50-150-mm-f-2-gm\/\" target=\"_blank\" rel=\"noopener\"><strong>FE 50-150 mm f\/2 GM<\/strong><\/a>. <\/p>\n<p>Le stand de Sigma devrait \u00e9galement tr\u00e8s populaire, avec son bo\u00eetier plein format minimaliste<strong> <a href=\"https:\/\/phototrend.fr\/2025\/05\/test-sigma-bf-hybride-plein-format\/\" target=\"_blank\" rel=\"noopener\">Sigma BF<\/a><\/strong> que nous avons eu l\u2019occasion de tester au Japon. En monture L, le <strong><a href=\"https:\/\/phototrend.fr\/2025\/01\/leica-sl3-s\/\" target=\"_blank\" rel=\"noopener\">SL3-S<\/a><\/strong> de Leica sera pr\u00e9sent.<\/p>\n<p>Enfin, OM System pr\u00e9sentera son tout r\u00e9cent <strong><a href=\"https:\/\/phototrend.fr\/2025\/02\/test-om-system-om-3-hybride-vintage\/\" target=\"_blank\" rel=\"noopener\">OM\u20113<\/a><\/strong>, bo\u00eetier au design r\u00e9tro, ainsi que l\u2019<a href=\"https:\/\/phototrend.fr\/2025\/06\/prise-en-main-om-5-mark-ii\/\" target=\"_blank\" rel=\"noopener\"><strong>OM-5 Mark II<\/strong><\/a> r\u00e9cemment d\u00e9voil\u00e9.<\/p>\n<p>Fujifilm, de son c\u00f4t\u00e9, mettra s\u00fbrement en avant deux nouveaut\u00e9s tr\u00e8s attendues : le <strong><a href=\"https:\/\/phototrend.fr\/2025\/06\/fujifilm-x-e5-hybride-rangefinder\/\" target=\"_blank\" rel=\"noopener\">X-E5<\/a><\/strong>, successeur de son hybride compact \u00e0 vis\u00e9e t\u00e9l\u00e9m\u00e9trique, et le <strong><a href=\"https:\/\/phototrend.fr\/2025\/06\/test-fujifilm-x-half\/\" target=\"_blank\" rel=\"noopener\">X half<\/a><\/strong>, un bo\u00eetier num\u00e9rique pens\u00e9 pour les fans d\u2019argentique.<\/p>\n<p>Parmi les optiques \u00e0 ne pas manquer, Samyang pr\u00e9sentera son <strong><a href=\"https:\/\/phototrend.fr\/2025\/04\/test-samyang-af-14-24-mm-f-28\/\" target=\"_blank\" rel=\"noopener\">14-24 mm f\/2,8 FE<\/a><\/strong> en collaboration avec Schneider-Kreuznach, et Sigma montrera ses muscles avec un <strong><a href=\"https:\/\/phototrend.fr\/2025\/02\/sigma-300-600-mm-f-4-dg-os-sports-le-telezoom-professionnel-ultime-en-monture-e-et-l\/\" target=\"_blank\" rel=\"noopener\">300-600 mm f\/4 Sports<\/a><\/strong> ainsi qu\u2019un <strong><a href=\"https:\/\/phototrend.fr\/2025\/02\/sigma-16-300-mm-f-35-67-dc-os-contemporary-zoom-polyvalent\/\" target=\"_blank\" rel=\"noopener\">16-300 mm<\/a><\/strong> pour les hybrides APS-C.<\/p>\n<p>Venus Optics (Laowa) devrait \u00e9galement mettre en avant plusieurs objectifs atypiques, comme le <strong><a href=\"https:\/\/phototrend.fr\/2025\/06\/laowa-15-mm-f-45-mm-05x-macro\/\" target=\"_blank\" rel=\"noopener\">15 mm f\/4,5 mm 0,5x Macro<\/a><\/strong> ou encore un <strong>8-15 mm f\/2,8 Fisheye Zoom<\/strong>. <\/p>\n<p><img decoding=\"async\" loading=\"lazy\" src=\"https:\/\/www.europesays.com\/fr\/wp-content\/uploads\/2025\/06\/salon_de_la_photo_2023_allees.jpg\" alt=\"\"\/><\/p>\n<p>C\u00f4t\u00e9 accessoires, des marques comme <strong>Peak Design<\/strong>, <strong>Zhiyun<\/strong>, <strong>Benro<\/strong> ou <strong>Lexar<\/strong> seront \u00e9galement pr\u00e9sentes, via des distributeurs sp\u00e9cialis\u00e9s comme <strong>Digit-Access<\/strong>.<\/p>\n<p>Le Zoom du Public : votez pour Alexandra Oza<\/p>\n<p>Comme chaque ann\u00e9e, le Salon d\u00e9cernera les <strong>Prix des Zooms<\/strong>, mettant en lumi\u00e8re de jeunes photographes talentueux. Le <strong>Zoom du Public 2025<\/strong> est actuellement ouvert aux votes. Le laur\u00e9at sera annonc\u00e9 pendant le Salon, aux c\u00f4t\u00e9s du Zoom de la Presse.<\/p>\n<p>FAQ \u2013 votre entr\u00e9e au Salon de la Photo 2025<\/p>\n<p><strong class=\"schema-faq-question\"\/><strong>Comment obtenir une entr\u00e9e pour le Salon de la Photo 2025 ?<\/strong> <\/p>\n<p class=\"schema-faq-answer\">Pour b\u00e9n\u00e9ficier d\u2019une entr\u00e9e offerte, rendez-vous sur <a href=\"https:\/\/phototrend.fr\/entree-salondelaphoto\" target=\"_blank\" rel=\"noopener\">la billetterie officielle<\/a>, s\u00e9lectionnez un billet plein tarif, puis saisissez le code <strong>PTREND25<\/strong> dans l\u2019espace \u201ccode de r\u00e9duction\u201d.<\/p>\n<p>  <strong class=\"schema-faq-question\"\/><strong>O\u00f9 se d\u00e9roule le Salon de la Photo 2025 ?<\/strong> <\/p>\n<p class=\"schema-faq-answer\">Le Salon de la Photo se tiendra du <strong>9 au 12 octobre 2025<\/strong> \u00e0 la <strong>Grande Halle de la Villette<\/strong>, \u00e0 Paris (19e arrondissement).<\/p>\n<p>  <strong class=\"schema-faq-question\"\/><strong>Le badge est-il valable pour plusieurs jours ?<\/strong> <\/p>\n<p class=\"schema-faq-answer\">Oui, l\u2019entr\u00e9e obtenue avec le code PTREND25 est <strong>valable pour toute la dur\u00e9e du Salon<\/strong>, soit du jeudi au dimanche.<\/p>\n<p>  <strong class=\"schema-faq-question\"\/><strong>Faut-il imprimer son badge ou peut-on le pr\u00e9senter sur mobile ?<\/strong> <\/p>\n<p class=\"schema-faq-answer\">Le badge peut \u00eatre pr\u00e9sent\u00e9 <strong>au format num\u00e9rique<\/strong> sur votre smartphone, ou imprim\u00e9 \u00e0 l\u2019avance pour un acc\u00e8s plus rapide.<\/p>\n<p>  <strong class=\"schema-faq-question\"\/><strong>Peut-on venir sans billet et acheter sur place ?<\/strong> <\/p>\n<p class=\"schema-faq-answer\">Oui, mais l\u2019entr\u00e9e sur place est <strong>payante (13 \u20ac)<\/strong>. Il est donc recommand\u00e9 d\u2019<a href=\"https:\/\/phototrend.fr\/entree-salondelaphoto\" target=\"_blank\" rel=\"noopener\">utiliser le <strong>code PTREND25<\/strong> en ligne<\/a> avant votre visite.<\/p>\n<p>  <strong class=\"schema-faq-question\"\/><strong>Quelles marques et produits pourra-t-on d\u00e9couvrir cette ann\u00e9e ?<\/strong> <\/p>\n<p class=\"schema-faq-answer\">Canon, Nikon, Sony, Fujifilm, Leica, OM System, Sigma, Tamron, et de nombreux accessoiristes pr\u00e9senteront leurs <strong>derni\u00e8res nouveaut\u00e9s photo et vid\u00e9o<\/strong>.<\/p>\n<p>En attendant le programme complet, retrouvez plus d\u2019informations sur le site du <a href=\"https:\/\/www.lesalondelaphoto.com\/\" target=\"_blank\" rel=\"noopener\">Salon de la Photo<\/a> et n\u2019oubliez pas de r\u00e9cup\u00e9rer votre invitation gratuite avec <a href=\"https:\/\/phototrend.fr\/entree-salondelaphoto\" target=\"_blank\" rel=\"noopener\">le code PTREND25<\/a>.<\/p>\n<p>Rendez-vous du 9 au 12 octobre 2025 \u00e0 la Grande Halle de la Villette.<\/p>\n","protected":false},"excerpt":{"rendered":"Du 9 au 12 octobre 2025, le Salon de la Photo revient \u00e0 la Grande Halle de la&hellip;\n","protected":false},"author":2,"featured_media":198448,"comment_status":"","ping_status":"","sticky":false,"template":"","format":"standard","meta":{"footnotes":""},"categories":[1358],"tags":[1348,1384,1385,1386,58,59,11615,1011,27,17675,33811,33812],"class_list":{"0":"post-198447","1":"post","2":"type-post","3":"status-publish","4":"format-standard","5":"has-post-thumbnail","7":"category-arts-et-design","8":"tag-arts","9":"tag-arts-and-design","10":"tag-arts-et-design","11":"tag-design","12":"tag-divertissement","13":"tag-entertainment","14":"tag-featured","15":"tag-fr","16":"tag-france","17":"tag-invitation","18":"tag-salon-de-la-photo","19":"tag-salon-de-la-photo-2025"},"share_on_mastodon":{"url":"https:\/\/pubeurope.com\/@fr\/114733348058372262","error":""},"_links":{"self":[{"href":"https:\/\/www.europesays.com\/fr\/wp-json\/wp\/v2\/posts\/198447","targetHints":{"allow":["GET"]}}],"collection":[{"href":"https:\/\/www.europesays.com\/fr\/wp-json\/wp\/v2\/posts"}],"about":[{"href":"https:\/\/www.europesays.com\/fr\/wp-json\/wp\/v2\/types\/post"}],"author":[{"embeddable":true,"href":"https:\/\/www.europesays.com\/fr\/wp-json\/wp\/v2\/users\/2"}],"replies":[{"embeddable":true,"href":"https:\/\/www.europesays.com\/fr\/wp-json\/wp\/v2\/comments?post=198447"}],"version-history":[{"count":0,"href":"https:\/\/www.europesays.com\/fr\/wp-json\/wp\/v2\/posts\/198447\/revisions"}],"wp:featuredmedia":[{"embeddable":true,"href":"https:\/\/www.europesays.com\/fr\/wp-json\/wp\/v2\/media\/198448"}],"wp:attachment":[{"href":"https:\/\/www.europesays.com\/fr\/wp-json\/wp\/v2\/media?parent=198447"}],"wp:term":[{"taxonomy":"category","embeddable":true,"href":"https:\/\/www.europesays.com\/fr\/wp-json\/wp\/v2\/categories?post=198447"},{"taxonomy":"post_tag","embeddable":true,"href":"https:\/\/www.europesays.com\/fr\/wp-json\/wp\/v2\/tags?post=198447"}],"curies":[{"name":"wp","href":"https:\/\/api.w.org\/{rel}","templated":true}]}}