{"id":198451,"date":"2025-06-23T15:19:12","date_gmt":"2025-06-23T15:19:12","guid":{"rendered":"https:\/\/www.europesays.com\/fr\/198451\/"},"modified":"2025-06-23T15:19:12","modified_gmt":"2025-06-23T15:19:12","slug":"amour-gloire-et-beaute-spoilers-semaine-du-23-juin-2025-aux-usa-les-spoilers","status":"publish","type":"post","link":"https:\/\/www.europesays.com\/fr\/198451\/","title":{"rendered":"Amour, Gloire et Beaut\u00e9, spoilers semaine du 23 juin 2025 aux USA | Les spoilers"},"content":{"rendered":"<p class=\"text-end comment-since\">\n                                Membre depuis 11 ans<br \/>1067 commentaires                                <\/p>\n<p>Le 23 juin 2025<br \/>\n                                \u00e0 15:45<\/p>\n<p>\n                                                            Will va se moquer en fait de Luna, en la faisant croire qu&rsquo;il est \u00e9pris d&rsquo;elle, elle va tout comprendre, et elle va sans doute le dire \u00e0 Sheila, qui va faire un parall\u00e8le de ce qu&rsquo;elle \u00e0 v\u00e9cu avec Bill.<br \/>\nCe plan est tellement bancale, qu&rsquo;on sait que \u00e7a ne va pas march\u00e9. Steffy et Finn vont l\u00e0, avoir de s\u00e9rieux probl\u00e8me \u00e0 encourager Will dans cette direction. Apr\u00e8s Steffy va encore se plaindre qu&rsquo;on s&rsquo;attaque \u00e0 elle. Ils vont s&rsquo;inqui\u00e9ter quand Luna va comprendre&#8230;<\/p>\n","protected":false},"excerpt":{"rendered":"Membre depuis 11 ans1067 commentaires Le 23 juin 2025 \u00e0 15:45 Will va se moquer en fait de&hellip;\n","protected":false},"author":2,"featured_media":198452,"comment_status":"","ping_status":"","sticky":false,"template":"","format":"standard","meta":{"footnotes":""},"categories":[1356],"tags":[1376,58,59,1011,27,1377,1375,27454,33813,252,1364],"class_list":{"0":"post-198451","1":"post","2":"type-post","3":"status-publish","4":"format-standard","5":"has-post-thumbnail","7":"category-television","8":"tag-amour","9":"tag-divertissement","10":"tag-entertainment","11":"tag-fr","12":"tag-france","13":"tag-gloire-et-beaute","14":"tag-les-feux-de-l","15":"tag-spoilers-de-amour","16":"tag-spoilers-semaine-du-23-juin-2025-aux-usa","17":"tag-television","18":"tag-tv"},"share_on_mastodon":{"url":"https:\/\/pubeurope.com\/@fr\/114733355102314712","error":""},"_links":{"self":[{"href":"https:\/\/www.europesays.com\/fr\/wp-json\/wp\/v2\/posts\/198451","targetHints":{"allow":["GET"]}}],"collection":[{"href":"https:\/\/www.europesays.com\/fr\/wp-json\/wp\/v2\/posts"}],"about":[{"href":"https:\/\/www.europesays.com\/fr\/wp-json\/wp\/v2\/types\/post"}],"author":[{"embeddable":true,"href":"https:\/\/www.europesays.com\/fr\/wp-json\/wp\/v2\/users\/2"}],"replies":[{"embeddable":true,"href":"https:\/\/www.europesays.com\/fr\/wp-json\/wp\/v2\/comments?post=198451"}],"version-history":[{"count":0,"href":"https:\/\/www.europesays.com\/fr\/wp-json\/wp\/v2\/posts\/198451\/revisions"}],"wp:featuredmedia":[{"embeddable":true,"href":"https:\/\/www.europesays.com\/fr\/wp-json\/wp\/v2\/media\/198452"}],"wp:attachment":[{"href":"https:\/\/www.europesays.com\/fr\/wp-json\/wp\/v2\/media?parent=198451"}],"wp:term":[{"taxonomy":"category","embeddable":true,"href":"https:\/\/www.europesays.com\/fr\/wp-json\/wp\/v2\/categories?post=198451"},{"taxonomy":"post_tag","embeddable":true,"href":"https:\/\/www.europesays.com\/fr\/wp-json\/wp\/v2\/tags?post=198451"}],"curies":[{"name":"wp","href":"https:\/\/api.w.org\/{rel}","templated":true}]}}