{"id":19846,"date":"2025-04-12T13:16:13","date_gmt":"2025-04-12T13:16:13","guid":{"rendered":"https:\/\/www.europesays.com\/fr\/19846\/"},"modified":"2025-04-12T13:16:13","modified_gmt":"2025-04-12T13:16:13","slug":"de-sud-radio-a-france-televisions-la-desinformation-climatique-fleurit-dans-les-medias-francais-alertent-trois-associations-liberation","status":"publish","type":"post","link":"https:\/\/www.europesays.com\/fr\/19846\/","title":{"rendered":"De Sud Radio \u00e0 France T\u00e9l\u00e9visions, la d\u00e9sinformation climatique fleurit dans les m\u00e9dias fran\u00e7ais, alertent trois associations \u2013 Lib\u00e9ration"},"content":{"rendered":"<p class=\"sc-cPiKLX AiZTS text-element\">Alors que <a href=\"https:\/\/www.liberation.fr\/tags\/rechauffement-climatique\/\" target=\"_blank\" rel=\"nofollow noopener\">les \u00e9v\u00e9nements m\u00e9t\u00e9orologiques extr\u00eames se multiplient<\/a> et que l\u2019Europe a connu <a href=\"https:\/\/www.liberation.fr\/environnement\/climat\/le-mois-de-mars-2025-a-ete-le-plus-chaud-jamais-enregistre-en-europe-20250408_CRPCEZKGGJHV5MSUQSHLLRRCQA\/\" target=\"_blank\" rel=\"nofollow noopener\">le mois de mars le plus chaud de son histoire<\/a> \u2013 cons\u00e9quence directe du d\u00e9r\u00e8glement climatique caus\u00e9 par l\u2019activit\u00e9 humaine \u2013, de nombreux discours ass\u00e9n\u00e9s sur les plateaux t\u00e9l\u00e9s et les cha\u00eenes de radio fran\u00e7aises contredisent des v\u00e9rit\u00e9s \u00e9tablies par le consensus scientifique international. Au total, du 1er janvier au 31 mars 2025, 128 cas av\u00e9r\u00e9s de d\u00e9sinformation climatique ont \u00e9t\u00e9 d\u00e9tect\u00e9s, \u00absoit une moyenne de dix par semaine\u00bb, r\u00e9v\u00e8lent ce jeudi 10 avril les premiers r\u00e9sultats d\u2019une <a href=\"https:\/\/quotaclimat.org\/app\/uploads\/2025\/04\/Desinformation-climatique_avril2025_DEF_2.pdf\" target=\"_blank\" rel=\"nofollow noopener\">\u00e9tude men\u00e9e conjointement par trois associations environnementales<\/a> sp\u00e9cialistes du traitement m\u00e9diatique des questions climatiques (les r\u00e9sultats d\u00e9finitifs seront disponibles en septembre). Parmi ces cas, des affirmations<b> <\/b>\u00abnon \u00e9tay\u00e9es\u00bb, \u00abscientifiquement contredites\u00bb, \u00abmanipulatrices par omission\u00bb ou encore \u00abfond\u00e9es sur des th\u00e9ories invalid\u00e9es\u00bb.<\/p>\n<p class=\"sc-cPiKLX AiZTS text-element\">Pour \u00e9tablir cette analyse, la premi\u00e8re du genre, Data for Good, QuotaClimat et Science Feedback ont pass\u00e9 au crible des centaines d\u2019heures<\/p>\n","protected":false},"excerpt":{"rendered":"Alors que les \u00e9v\u00e9nements m\u00e9t\u00e9orologiques extr\u00eames se multiplient et que l\u2019Europe a connu le mois de mars le&hellip;\n","protected":false},"author":2,"featured_media":19847,"comment_status":"","ping_status":"","sticky":false,"template":"","format":"standard","meta":{"footnotes":""},"categories":[4],"tags":[11,1011,27,12,5140,25,7653],"class_list":{"0":"post-19846","1":"post","2":"type-post","3":"status-publish","4":"format-standard","5":"has-post-thumbnail","7":"category-france","8":"tag-actualites","9":"tag-fr","10":"tag-france","11":"tag-news","12":"tag-rechauffement-climatique","13":"tag-republique-francaise","14":"tag-theories-du-complot"},"share_on_mastodon":{"url":"https:\/\/pubeurope.com\/@fr\/114325185016442078","error":""},"_links":{"self":[{"href":"https:\/\/www.europesays.com\/fr\/wp-json\/wp\/v2\/posts\/19846","targetHints":{"allow":["GET"]}}],"collection":[{"href":"https:\/\/www.europesays.com\/fr\/wp-json\/wp\/v2\/posts"}],"about":[{"href":"https:\/\/www.europesays.com\/fr\/wp-json\/wp\/v2\/types\/post"}],"author":[{"embeddable":true,"href":"https:\/\/www.europesays.com\/fr\/wp-json\/wp\/v2\/users\/2"}],"replies":[{"embeddable":true,"href":"https:\/\/www.europesays.com\/fr\/wp-json\/wp\/v2\/comments?post=19846"}],"version-history":[{"count":0,"href":"https:\/\/www.europesays.com\/fr\/wp-json\/wp\/v2\/posts\/19846\/revisions"}],"wp:featuredmedia":[{"embeddable":true,"href":"https:\/\/www.europesays.com\/fr\/wp-json\/wp\/v2\/media\/19847"}],"wp:attachment":[{"href":"https:\/\/www.europesays.com\/fr\/wp-json\/wp\/v2\/media?parent=19846"}],"wp:term":[{"taxonomy":"category","embeddable":true,"href":"https:\/\/www.europesays.com\/fr\/wp-json\/wp\/v2\/categories?post=19846"},{"taxonomy":"post_tag","embeddable":true,"href":"https:\/\/www.europesays.com\/fr\/wp-json\/wp\/v2\/tags?post=19846"}],"curies":[{"name":"wp","href":"https:\/\/api.w.org\/{rel}","templated":true}]}}