{"id":198465,"date":"2025-06-23T15:28:09","date_gmt":"2025-06-23T15:28:09","guid":{"rendered":"https:\/\/www.europesays.com\/fr\/198465\/"},"modified":"2025-06-23T15:28:09","modified_gmt":"2025-06-23T15:28:09","slug":"pourquoi-les-profs-deps-alertent-sur-le-mauvais-etat-des-salles-de-sport","status":"publish","type":"post","link":"https:\/\/www.europesays.com\/fr\/198465\/","title":{"rendered":"Pourquoi les profs d\u2019EPS alertent sur le mauvais \u00e9tat des salles de sport\u00a0?"},"content":{"rendered":"<p> \u00abUn esprit sain dans un corps sain\u00a0\u00bb, mais un <a href=\"https:\/\/www.20minutes.fr\/societe\/4153405-20250514-ecoles-reduire-taille-classes-plus-efficace-societe-redoublement\" target=\"_blank\" class=\"color-ultramarine c-link\" rel=\"noopener\">service public malade<\/a>\u2026 Depuis\u00a02017, sous Emmanuel Macron, le syst\u00e8me \u00e9ducatif fran\u00e7ais s\u2019est fragilis\u00e9, et l\u2019\u00e9ducation physique et sportive (EPS) n\u2019a pas \u00e9t\u00e9 \u00e9pargn\u00e9e. \u00c0 travers son enqu\u00eate nationale \u00ab\u00a0Gymnase score\u00a0\u00bb que 20 Minutes a pu lire, le <a href=\"https:\/\/lesite.snepfsu.fr\/\" rel=\"nofollow noopener\" target=\"_blank\" class=\"color-ultramarine c-link\">SNEP-FSU<\/a>, syndicat des enseignants d\u2019EPS, d\u00e9nonce des in\u00e9galit\u00e9s criantes dans l\u2019acc\u00e8s aux \u00e9quipements sportifs et un manque d\u2019ambition dans l\u2019EPS. \u00ab\u00a0C\u2019est quoi les priorit\u00e9s de l\u2019\u00c9tat\u00a0? Le sport\u00a0?\u00a0\u00bb, questionne Coralie Benech, co-secr\u00e9taire g\u00e9n\u00e9rale du SNEP-FSU.<\/p>\n<\/p>\n<p>Depuis\u00a02017, les r\u00e9formes \u00e9ducatives ont en effet <a href=\"https:\/\/www.20minutes.fr\/societe\/4157821-20250613-retraites-job-dating-methodes-education-nationale-remplacer-profs-absents-elles-efficaces\" class=\"color-ultramarine c-link\" target=\"_blank\" rel=\"noopener\">\u00e9branl\u00e9 l\u2019\u00e9cole<\/a>\u00a0: <a href=\"https:\/\/www.20minutes.fr\/paris\/4137478-20250206-paris-arrondissements-populaires-touches-plein-fouet-fermetures-classe\" class=\"color-ultramarine c-link\" target=\"_blank\" rel=\"noopener\">classes surcharg\u00e9es<\/a>, r\u00e9duction du temps scolaire, <a href=\"https:\/\/www.20minutes.fr\/societe\/4158934-20250617-college-groupes-niveau-maintenus-annee-prochaine-quelques-ajustements\" target=\"_blank\" class=\"color-ultramarine c-link\" rel=\"noopener\">recentrage sur les savoirs fondamentaux<\/a> et externalisation de la pratique sportive via des dispositifs comme \u00ab\u00a02S2C\u00a0\u00bb ou \u00ab\u00a02h de sport\u00a0\u00bb, jug\u00e9s <a href=\"https:\/\/www.20minutes.fr\/societe\/4120986-20241113-college-generalisation-deux-heures-sport-supplementaires-chaque-semaine-passe-trappe\" class=\"color-ultramarine c-link\" target=\"_blank\" rel=\"noopener\">inadapt\u00e9s par les enseignants<\/a>. Ces choix, marqu\u00e9s par un utilitarisme grandissant, selon le syndicat, r\u00e9duisent l\u2019EPS \u00e0 une simple fonction sanitaire, loin de sa vocation culturelle et sociale.<\/p>\n<p>230.000 \u00e9l\u00e8ves sans gymnase, 500.000 sans piscine<\/p>\n<p>L\u2019enqu\u00eate \u00ab\u00a0Gymnase score\u00a0\u00bb, men\u00e9e aupr\u00e8s de 3.744 \u00e9tablissements [47,9\u00a0% des coll\u00e8ges et lyc\u00e9es en France, hors TOM, Normandie et Rennes], r\u00e9v\u00e8le une situation critique\u00a0: 49\u00a0% des \u00e9tablissements sont en situation d\u2019urgence, n\u00e9cessitant des r\u00e9novations ou constructions massives d\u2019\u00e9quipements conformes aux normes environnementales. 14,2\u00a0% n\u2019ont pas acc\u00e8s \u00e0 une piscine, privant 500.000 \u00e9l\u00e8ves d\u2019apprentissage \u00e0 la nage, pourtant <a href=\"https:\/\/www.20minutes.fr\/societe\/4154909-20250522-noyades-augmente-maniere-preoccupante-dernier-france\" target=\"_blank\" class=\"color-ultramarine c-link\" rel=\"noopener\">priorit\u00e9 nationale<\/a>. Le parc aquatique, v\u00e9tuste, manque de 250.000 m2 de bassins couverts, soit environ 1.000 piscines.<\/p>\n<p>230.000 \u00e9l\u00e8ves n\u2019ont acc\u00e8s \u00e0 aucun gymnase, outil essentiel \u00e0 l\u2019EPS. \u00ab\u00a0Nos gymnases sont nos classes. On n\u2019imagine pas un prof de physique qui n\u2019a pas assez de paillasses. Pour nous, c\u2019est pareil, on ne peut pas travailler avec des installations mauvaises ou pas du tout d\u2019installations sportives\u00a0\u00bb, d\u00e9plore Coralie Benech. Enfin, 450.000 \u00e9l\u00e8ves perdent plus de 30 minutes par cours en raison de l\u2019\u00e9loignement des \u00e9quipements, amputant le temps d\u2019apprentissage.<\/p>\n<p>Des in\u00e9galit\u00e9s de genre, sociales et territoriales<\/p>\n<p>L\u2019enqu\u00eate met \u00e9galement en lumi\u00e8re des disparit\u00e9s structurelles. Seulement 33,3\u00a0% des filles atteignent les recommandations d\u2019activit\u00e9 physique, contre 50,7\u00a0% des gar\u00e7ons, selon <a href=\"https:\/\/onaps.fr\/\" rel=\"nofollow noopener\" target=\"_blank\" class=\"color-ultramarine c-link\">l\u2019ONAPS<\/a>. St\u00e9r\u00e9otypes, co\u00fbts et manque d\u2019\u00e9quipements adapt\u00e9s creusent l\u2019\u00e9cart.<\/p>\n<p>Le sport est \u00e9galement soumis aux in\u00e9galit\u00e9s sociales. 80\u00a0% des jeunes issus de foyers ais\u00e9s pratiquent un sport, contre 60\u00a0% dans les foyers modestes, d\u2019apr\u00e8s une \u00e9tude de <a href=\"https:\/\/books.openedition.org\/insep\/2114\" rel=\"nofollow noopener\" target=\"_blank\" class=\"color-ultramarine c-link\">l\u2019Ineps.<\/a> Parmi les filles de familles \u00e0 faible revenu, seules 45\u00a0% sont actives.<\/p>\n<p>Des in\u00e9galit\u00e9s territoriales sont \u00e9galement r\u00e9v\u00e9l\u00e9es. Selon \u00ab\u00a0Gymnase score\u00a0\u00bb, 36,4\u00a0% des communes rurales manquent d\u2019infrastructures. Par exemple, Mayotte (12 \u00e9quipements pour 10.000 habitants) ou la Seine-Saint-Denis (15,3) sont sous-\u00e9quip\u00e9es, contrairement aux Hautes-Alpes (208).<\/p>\n<p>Les <a href=\"https:\/\/www.20minutes.fr\/economie\/4159919-20250623-jo-paris-2024-connait-desormais-combien-argent-public-depense-evenement-enorme\" target=\"_blank\" class=\"color-ultramarine c-link\" rel=\"noopener\">Jeux olympiques et Paralympiques de Paris 2024<\/a> auraient pourtant d\u00fb marquer un tournant pour l\u2019EPS. Mais \u00ab\u00a0l\u2019h\u00e9ritage\u00a0\u00bb promis par le gouvernement s\u2019est r\u00e9v\u00e9l\u00e9 \u00eatre pour l\u2019heure un mirage, selon le SNEP-FSU. Les annonces, comme la grande cause nationale du sport, n\u2019ont pas combl\u00e9 les lacunes structurelles, selon le syndicat. \u00ab\u00a0La vasque des Jeux olympiques et Paralympiques est-elle le seul h\u00e9ritage que l\u2019on garde\u00a0? Ou les <a href=\"https:\/\/www.20minutes.fr\/sport\/jo_2024\/4159126-20250618-cnosf-amelie-oudea-castera-devrait-empocher-salaire-9-000-euros-mois-avant-benevolat\" target=\"_blank\" class=\"color-ultramarine c-link\" rel=\"noopener\">9.000 euros de salaire d\u2019Am\u00e9lie Oud\u00e9a-Cast\u00e9ra<\/a>\u00a0?\u00a0\u00bb, ironise Coralie Benech.<\/p>\n<p>1.000 gymnases et 1.000 piscines demand\u00e9s<\/p>\n<p>Face \u00e0 ce constat, le SNEP-FSU propose des mesures concr\u00e8tes, notamment la construction massive de 1.000 gymnases d\u2019ici\u00a02030, avec 50\u00a0% de financement par l\u2019\u00c9tat, et 1.000 piscines pour r\u00e9pondre aux besoins avec une implantation dans ou pr\u00e8s des \u00e9tablissements. Le syndicat demande \u00e9galement un plan national pour la construction et la r\u00e9novation des \u00e9quipements, respectueux des normes \u00e9cologiques, pour p\u00e9renniser l\u2019h\u00e9ritage des JOP 2024 et soutenir les collectivit\u00e9s fragiles.<\/p>\n<p>A cela s\u2019ajoute une augmentation des heures d\u2019EPS pour \u00ab\u00a0garantir un acc\u00e8s \u00e9quitable \u00e0 une pratique \u00e9mancipatrice\u00a0\u00bb. Coralie Benech souligne l\u2019urgence\u00a0: \u00ab\u00a0Il ne se passe rien \u00e0 l\u2019\u00e9cole alors que c\u2019est le premier lieu de pratiques sportives pour tous les \u00e9l\u00e8ves.\u00a0\u00bb<\/p>\n","protected":false},"excerpt":{"rendered":"\u00abUn esprit sain dans un corps sain\u00a0\u00bb, mais un service public malade\u2026 Depuis\u00a02017, sous Emmanuel Macron, le syst\u00e8me&hellip;\n","protected":false},"author":2,"featured_media":198466,"comment_status":"","ping_status":"","sticky":false,"template":"","format":"standard","meta":{"footnotes":""},"categories":[4],"tags":[47,11,33815,829,1057,1126,1073,1011,27,5138,881,662,848,3996,8245,5759,12,5161,883,1127,882,584,25,1945,104,517],"class_list":{"0":"post-198465","1":"post","2":"type-post","3":"status-publish","4":"format-standard","5":"has-post-thumbnail","7":"category-france","8":"tag-actualite","9":"tag-actualites","10":"tag-amelie-oudea-castera","11":"tag-bretagne","12":"tag-education","13":"tag-education-nationale","14":"tag-emmanuel-macron","15":"tag-fr","16":"tag-france","17":"tag-gymnase","18":"tag-hautes-alpes","19":"tag-ile-de-france","20":"tag-ille-et-vilaine","21":"tag-jeux-olympiques","22":"tag-mayotte","23":"tag-ministere-de-leducation-nationale","24":"tag-news","25":"tag-normandie","26":"tag-paca","27":"tag-professeur","28":"tag-provence-alpes-cote-dazur","29":"tag-rennes","30":"tag-republique-francaise","31":"tag-seine-saint-denis","32":"tag-societe","33":"tag-sport"},"share_on_mastodon":{"url":"https:\/\/pubeurope.com\/@fr\/114733390505540918","error":""},"_links":{"self":[{"href":"https:\/\/www.europesays.com\/fr\/wp-json\/wp\/v2\/posts\/198465","targetHints":{"allow":["GET"]}}],"collection":[{"href":"https:\/\/www.europesays.com\/fr\/wp-json\/wp\/v2\/posts"}],"about":[{"href":"https:\/\/www.europesays.com\/fr\/wp-json\/wp\/v2\/types\/post"}],"author":[{"embeddable":true,"href":"https:\/\/www.europesays.com\/fr\/wp-json\/wp\/v2\/users\/2"}],"replies":[{"embeddable":true,"href":"https:\/\/www.europesays.com\/fr\/wp-json\/wp\/v2\/comments?post=198465"}],"version-history":[{"count":0,"href":"https:\/\/www.europesays.com\/fr\/wp-json\/wp\/v2\/posts\/198465\/revisions"}],"wp:featuredmedia":[{"embeddable":true,"href":"https:\/\/www.europesays.com\/fr\/wp-json\/wp\/v2\/media\/198466"}],"wp:attachment":[{"href":"https:\/\/www.europesays.com\/fr\/wp-json\/wp\/v2\/media?parent=198465"}],"wp:term":[{"taxonomy":"category","embeddable":true,"href":"https:\/\/www.europesays.com\/fr\/wp-json\/wp\/v2\/categories?post=198465"},{"taxonomy":"post_tag","embeddable":true,"href":"https:\/\/www.europesays.com\/fr\/wp-json\/wp\/v2\/tags?post=198465"}],"curies":[{"name":"wp","href":"https:\/\/api.w.org\/{rel}","templated":true}]}}