{"id":19848,"date":"2025-04-12T13:19:40","date_gmt":"2025-04-12T13:19:40","guid":{"rendered":"https:\/\/www.europesays.com\/fr\/19848\/"},"modified":"2025-04-12T13:19:40","modified_gmt":"2025-04-12T13:19:40","slug":"pres-de-rennes-une-veterinaire-tyrannisee-par-la-proprietaire-dun-chat","status":"publish","type":"post","link":"https:\/\/www.europesays.com\/fr\/19848\/","title":{"rendered":"pr\u00e8s de Rennes, une v\u00e9t\u00e9rinaire tyrannis\u00e9e par la propri\u00e9taire d&rsquo;un chat"},"content":{"rendered":"<p>            Par<br \/>\n        <strong><br \/>\n            <a href=\"https:\/\/actu.fr\/auteur\/redaction-rennes\" title=\"Consulter tous les articles de R\u00e9daction Rennes\" rel=\"nofollow noopener\" target=\"_blank\">R\u00e9daction Rennes<\/a><br \/>\n        <\/strong><\/p>\n<p>        Publi\u00e9 le<\/p>\n<p>            10 avr. 2025 \u00e0 12h23        <\/p>\n<p>Il y a six ans, Fran\u00e7oise* avait pris en charge <strong>le chat<\/strong> de Carolanne X., une jeune femme qui vit seule \u00e0 Chantepie (Ille-et-Vilaine). Depuis, <strong>la v\u00e9t\u00e9rinaire d\u2019Acign\u00e9 vit \u00ab\u00a0recluse\u00a0\u00bb<\/strong> et n\u2019ose m\u00eame plus \u00ab\u00a0aller se chercher un sandwich\u00a0\u00bb : <strong>son ancienne cliente \u00ab\u00a0r\u00f4de\u00a0\u00bb en permanence<\/strong> autour de son cabinet et multiplie les appels au standard et sur son propre t\u00e9l\u00e9phone portable.<\/p>\n<p class=\" wall-content\">Ce mercredi 9 avril 2025, le tribunal correctionnel de Rennes a de nouveau constat\u00e9 \u00ab\u00a0l\u2019irresponsabilit\u00e9 p\u00e9nale\u00a0\u00bb de cette trentenaire qui fait depuis six ans un <strong>\u00ab\u00a0d\u00e9lire \u00e9rotomaniaque\u00a0\u00bb<\/strong> sur la v\u00e9t\u00e9rinaire.\u00a0<\/p>\n<p>La v\u00e9t\u00e9rinaire dessin\u00e9e nue<\/p>\n<p class=\" wall-content\">En f\u00e9vrier 2024, Carolanne X. avait ainsi d\u00e9j\u00e0 \u00e9t\u00e9 renvoy\u00e9e devant le m\u00eame tribunal correctionnel de Rennes pour <strong>une s\u00e9rie de faits similaires<\/strong>. \u00c0 l\u2019\u00e9poque, la trentenaire \u00e9tait all\u00e9e jusqu\u2019\u00e0 <strong>\u00ab\u00a0dessiner nue\u00a0\u00bb<\/strong> Fran\u00e7oise et afficher son \u00ab\u00a0\u0153uvre\u00a0\u00bb sur la porte du cabinet v\u00e9t\u00e9rinaire\u2026<\/p>\n<p class=\" wall-content\">Elle avait aussi pos\u00e9<strong> \u00ab\u00a0une balise\u00a0\u00bb sous son v\u00e9hicule<\/strong>, et s\u2019\u00e9tait m\u00eame <strong>introduite<\/strong> dans son <strong>cabinet<\/strong> et chez ses <strong>parents.<\/strong> \u00c0 l\u2019\u00e9poque, la secr\u00e9taire de la clinique v\u00e9t\u00e9rinaire avait d\u00fb venir en aide \u00e0 sa patronne, qui n\u2019osait pas sortir de son lieu de travail pour rentrer chez elle. Le mari de la secr\u00e9taire, venu en renfort, avait alors \u00e9t\u00e9 <strong>\u00ab\u00a0mordu\u00a0\u00bb<\/strong> par Carolanne X. apr\u00e8s que cette derni\u00e8re a \u00e9t\u00e9 retrouv\u00e9e<strong> \u00ab\u00a0tapie derri\u00e8re un buisson\u00a0\u00bb.<\/strong><\/p>\n<p>Hospitalis\u00e9e sur demande du pr\u00e9fet<\/p>\n<p class=\" wall-content\">Lors de ce premier proc\u00e8s, les juges avaient d\u00e9j\u00e0 constat\u00e9 \u00ab\u00a0l\u2019irresponsabilit\u00e9 p\u00e9nale\u00a0\u00bb de la pr\u00e9venue, qui avait \u00e9t\u00e9 condamn\u00e9e \u00e0 \u00ab\u00a0une interdiction de contact\u00a0\u00bb et de \u00ab\u00a0para\u00eetre au domicile et sur le lieu de travail\u00a0\u00bb de la victime. Elle avait dans la foul\u00e9e \u00e9t\u00e9 <strong>\u00ab\u00a0hospitalis\u00e9e sur demande du pr\u00e9fet\u00a0\u00bb<\/strong> d\u2019Ille-et-Vilaine au Centre hospitalier Guillaume-R\u00e9gnier (CHGR).<\/p>\n<p class=\" wall-content\">Mais \u00e0 sa sortie de l\u2019h\u00f4pital psychiatrique de Rennes, \u00e0 compter de septembre 2024, le \u00ab\u00a0harc\u00e8lement sexuel\u00a0\u00bb \u00e9tait reparti de plus belle. Carolanne X. avait en effet \u00ab\u00a0chang\u00e9 de num\u00e9ro\u00a0\u00bb et avait appel\u00e9 la v\u00e9t\u00e9rinaire d\u2019Acign\u00e9 \u00ab\u00a0\u00e0 16 reprises\u00a0\u00bb en l\u2019espace de \u00ab\u00a0deux heures trente\u00a0\u00bb \u2013 sans compter <strong>des SMS<\/strong> parfois <strong>\u00ab\u00a0sexualis\u00e9s\u00a0\u00bb.<\/strong><\/p>\n<p class=\" wall-content\">Le lendemain, le t\u00e9l\u00e9phone du cabinet avait sonn\u00e9 \u00ab\u00a0\u00e0 27 reprises\u00a0\u00bb, au point de faire <strong>\u00ab\u00a0saturer\u00a0\u00bb<\/strong> le standard. Au total, les gendarmes ont ainsi d\u00e9nombr\u00e9 <strong>\u00ab\u00a0127 appels\u00a0\u00bb<\/strong> en l\u2019espace de \u00ab\u00a0<strong>trois semaines\u00a0\u00bb.<\/strong><\/p>\n<p>Un \u00ab\u00a0d\u00e9lire \u00e9rotomaniaque\u00a0\u00bb<\/p>\n<p class=\" wall-content\">Carolanne X. avait donc \u00e9t\u00e9 <strong>de nouveau hospitalis\u00e9e<\/strong> pendant \u00ab\u00a0deux mois et demi\u00a0\u00bb en octobre 2024 et en est de nouveau ressortie, a-t-on appris ce mercredi 9 avril 2025 lors cette nouvelle audience au tribunal correctionnel de Rennes. Elle est d\u00e9sormais <strong>\u00ab\u00a0trait\u00e9e en soins sans consentement\u00a0\u00bb<\/strong> et re\u00e7oit <strong>\u00ab\u00a0des injections toutes les deux semaines\u00a0\u00bb.<\/strong><\/p>\n<p class=\" wall-content\">\u00c0 la barre, o\u00f9 la victime n\u2019\u00e9tait pas pr\u00e9sente, Carolanne X. n\u2019a pas souhait\u00e9 s\u2019exprimer. Devant les enqu\u00eateurs, elle avait expliqu\u00e9 qu\u2019elle avait la v\u00e9t\u00e9rinaire d\u2019Acign\u00e9<strong> \u00ab\u00a0dans la t\u00eate en permanence\u00a0\u00bb<\/strong> et qu\u2019elle souhaitait le lui \u00ab\u00a0faire savoir\u00a0\u00bb\u2026 Un \u00ab\u00a0d\u00e9lire \u00e9rotomaniaque\u00a0\u00bb, avait conclu un psychiatre amen\u00e9 \u00e0 l\u2019examiner.<\/p>\n<p class=\" wall-content\">Mais aujourd\u2019hui, la trentenaire est <strong>\u00ab\u00a0stabilis\u00e9e\u00a0\u00bb<\/strong> et a \u00ab\u00a0beaucoup pris de <strong>recul\u00a0\u00bb<\/strong> : elle est \u00ab\u00a0capable de voir <strong>le caract\u00e8re totalement inadapt\u00e9\u00a0\u00bb de ses agissements,<\/strong> a assur\u00e9 son avocate Me St\u00e9phanie Peltier.<\/p>\n<p>\u00ab\u00a0\u00c7a ne s\u2019arr\u00eatera jamais\u00a0\u00bb<\/p>\n<p class=\" wall-content\">Mais <strong>\u00ab\u00a0\u00e0 quoi bon ?\u00a0\u00bb<\/strong> se demande toutefois la v\u00e9t\u00e9rinaire puisque \u00ab\u00a0\u00e7a ne s\u2019arr\u00eatera jamais\u00a0\u00bb, a fait savoir son avocate. \u00ab\u00a0C\u2019est soit je meurs, soit elle meurt.\u00a0\u00bb Sa cliente s\u2019interdit ainsi de tisser des relations avec de nouvelles connaissances.\u00a0<\/p>\n<p class=\" wall-content\">Le procureur de la R\u00e9publique avait requis pour sa part les \u00ab\u00a0deux m\u00eames mesures de s\u00fbret\u00e9\u00a0\u00bb que lors de son pr\u00e9c\u00e9dent passage \u00e0 la Cit\u00e9 judiciaire de Rennes, au vu de <strong>\u00ab\u00a0l\u2019abolition totale\u00a0\u00bb du discernement de la pr\u00e9venue,<\/strong> selon les experts.<\/p>\n<p class=\" wall-content\">Carolanne X. aura donc <strong>interdiction<\/strong> de revenir \u00e0 Acign\u00e9, de se pr\u00e9senter chez sa victime et de la contacter pendant <strong>10 ans.<\/strong><\/p>\n<p class=\" wall-content\">*Nom d\u2019emprunt<\/p>\n<p class=\" wall-content\"><strong>Claire Besnard \u2013 PressPepper<\/strong><\/p>\n<p class=\" wall-content\">Suivez toute l\u2019actualit\u00e9 de vos villes et m\u00e9dias favoris en vous inscrivant \u00e0 <a href=\"https:\/\/moncompte.actu.fr\" title=\"D\u00e9couvez Mon Actu\" rel=\"nofollow noopener\" data-trk=\"{&quot;cta&quot;:{&quot;action&quot;:&quot;https:\\\/\\\/moncompte.actu.fr&quot;,&quot;category&quot;:&quot;mon compte&quot;,&quot;from&quot;:&quot;article footer&quot;,&quot;name&quot;:&quot;Mon actu&quot;,&quot;type&quot;:&quot;cta&quot;}}\" target=\"_blank\">Mon Actu<\/a>.<\/p>\n","protected":false},"excerpt":{"rendered":"Par R\u00e9daction Rennes Publi\u00e9 le 10 avr. 2025 \u00e0 12h23 Il y a six ans, Fran\u00e7oise* avait pris&hellip;\n","protected":false},"author":2,"featured_media":19849,"comment_status":"","ping_status":"","sticky":false,"template":"","format":"standard","meta":{"footnotes":""},"categories":[2821],"tags":[1111,11,1867,829,7654,1777,674,118,1011,27,303,12,584,25],"class_list":{"0":"post-19848","1":"post","2":"type-post","3":"status-publish","4":"format-standard","5":"has-post-thumbnail","7":"category-rennes","8":"tag-actu","9":"tag-actualites","10":"tag-animaux","11":"tag-bretagne","12":"tag-chat","13":"tag-eu","14":"tag-europe","15":"tag-faits-divers","16":"tag-fr","17":"tag-france","18":"tag-justice","19":"tag-news","20":"tag-rennes","21":"tag-republique-francaise"},"share_on_mastodon":{"url":"https:\/\/pubeurope.com\/@fr\/114325196839384570","error":""},"_links":{"self":[{"href":"https:\/\/www.europesays.com\/fr\/wp-json\/wp\/v2\/posts\/19848","targetHints":{"allow":["GET"]}}],"collection":[{"href":"https:\/\/www.europesays.com\/fr\/wp-json\/wp\/v2\/posts"}],"about":[{"href":"https:\/\/www.europesays.com\/fr\/wp-json\/wp\/v2\/types\/post"}],"author":[{"embeddable":true,"href":"https:\/\/www.europesays.com\/fr\/wp-json\/wp\/v2\/users\/2"}],"replies":[{"embeddable":true,"href":"https:\/\/www.europesays.com\/fr\/wp-json\/wp\/v2\/comments?post=19848"}],"version-history":[{"count":0,"href":"https:\/\/www.europesays.com\/fr\/wp-json\/wp\/v2\/posts\/19848\/revisions"}],"wp:featuredmedia":[{"embeddable":true,"href":"https:\/\/www.europesays.com\/fr\/wp-json\/wp\/v2\/media\/19849"}],"wp:attachment":[{"href":"https:\/\/www.europesays.com\/fr\/wp-json\/wp\/v2\/media?parent=19848"}],"wp:term":[{"taxonomy":"category","embeddable":true,"href":"https:\/\/www.europesays.com\/fr\/wp-json\/wp\/v2\/categories?post=19848"},{"taxonomy":"post_tag","embeddable":true,"href":"https:\/\/www.europesays.com\/fr\/wp-json\/wp\/v2\/tags?post=19848"}],"curies":[{"name":"wp","href":"https:\/\/api.w.org\/{rel}","templated":true}]}}