{"id":198480,"date":"2025-06-23T15:36:16","date_gmt":"2025-06-23T15:36:16","guid":{"rendered":"https:\/\/www.europesays.com\/fr\/198480\/"},"modified":"2025-06-23T15:36:16","modified_gmt":"2025-06-23T15:36:16","slug":"show-room-et-celebration-des-dix-ans-de-la-maison-de-couture-caroline-bouvier","status":"publish","type":"post","link":"https:\/\/www.europesays.com\/fr\/198480\/","title":{"rendered":"show room et c\u00e9l\u00e9bration des dix ans de la Maison de couture Caroline Bouvier"},"content":{"rendered":"<p>            Par<br \/>\n        <strong><br \/>\n            <a href=\"https:\/\/actu.fr\/auteur\/metropoop\" title=\"Consulter tous les articles de R\u00e9daction M\u00e9tropolitain\" rel=\"nofollow noopener\" target=\"_blank\">R\u00e9daction M\u00e9tropolitain<\/a><br \/>\n        <\/strong><\/p>\n<p>        Publi\u00e9 le<\/p>\n<p>            23 juin 2025 \u00e0 16h49        <\/p>\n<p>Double \u00e9v\u00e9nement dans la boutique de la <strong>Maison de couture Caroline Bouvier<\/strong>, dans l\u2019\u00c9cusson, \u00e0 <strong>Montpellier<\/strong> : un show room avec une<strong> exposition<\/strong> et la<strong> c\u00e9l\u00e9bration des dix ans<\/strong> d\u2019existence<\/p>\n<p class=\" wall-content\">\u00c0 deux pas de la place de la Canourgue, dans le quartier de la pr\u00e9fecture de l\u2019H\u00e9rault, Carole Bouvier invite \u00e0 un show-room et \u00e0 une exposition jusqu\u2019\u00e0 ce samedi 28 juin 2025 inclus. Carte blanche est donn\u00e9e \u00e0 <strong>Claire Bonnet Masimbert<\/strong>\u00a0dite CBM, qui \u00e9tait tr\u00e8s entour\u00e9e par les nombreux invit\u00e9s au vernissage, le 10 juin dernier. Beaucoup de monde, en effet, pour honorer cette artiste et encourager Carole Bouvier.<\/p>\n<p>    <a href=\"https:\/\/www.google.com\/maps\/embed?pb=!1m18!1m12!1m3!1d3042.9144879038436!2d3.8723317803331105!3d43.61139944012976!2m3!1f0!2f0!3f0!3m2!1i1024!2i768!4f13.1!3m3!1m2!1s0x12b6afa84b3e0da9%3A0xde1c7c9bcee8aa29!2sCAROLINE%20BOUVIER%20Maison%20de%20couture!5e0!3m2!1sfr!2sfr!4v1750603255669!5m2!1sfr!2sfr\" title=\"Ouvrie le lien\" rel=\"nofollow noopener\" target=\"_blank\">Cliquez ici pour visualiser le contenu<\/a><\/p>\n<p class=\" wall-content\">Artiste peintre figurative, expressionniste et narrative, Claire Bonnet Masimbert r\u00e9sume ses oeuvres ainsi : garder un \u0153il ouvert et prendre Corps. Elle\u00a0peint ou sculpte des contours \u00e9voquant les \u00eatres sensibles que nous sommes. Le corps, d\u00e9pouill\u00e9 de ses particularit\u00e9s se fait originel et devient r\u00e9ceptacle.\u00a0L\u2019expression \u00ab prendre corps \u00bb trouve tout son sens\u2026<\/p>\n<p class=\" wall-content\">Caroline Bouvier r\u00e9cidive en ce d\u00e9but de l\u2019\u00e9t\u00e9\u00a0o\u00f9 la mode est reine avec ses dentelles, ses rubans, ses froufrous, ses tulles, ses strass et ses soies. Mais pas que, il ne faut pas oublier les sacs, les pochettes de cuir, les bijoux, les chapeaux et les\u00a0chaussures originales qui portent la griffe de cette artisane couturi\u00e8re inventive. Oui, oui, c\u2019est rare, mais on peut dire artisane ! Et puis, Caroline est tellement unique ici.<\/p>\n<p>Vid\u00e9os : en ce moment sur Actu<\/p>\n<p class=\" wall-content\">L\u2019atelier est situ\u00e9 dans l\u2019un des quartier les plus pris\u00e9 de Montpellier, celui de la Canourgue et garde la volont\u00e9 de ressusciter les maisons de couture d\u2019autrefois. \u00ab\u00a0On y choisit le tissu pour ensuite dessiner le mod\u00e8le avec nos clients. Vient le temps des prises de mesures et du patronnage, de la coupe, du montage et enfin des essayages. Pour garder ce lien particulier avec nos clients, les retouches se font aussi sur place. Ainsi, nous vous conseillerons dans la mani\u00e8re de compl\u00e9ter votre pi\u00e8ce unique.\u00a0\u00bb, explique Caroline Bouvier.\u00a0<\/p>\n<p class=\" wall-content\">Ce show room de CBM \u00e0 peine achev\u00e9,\u00a0l\u2019infatigable\u00a0Caroline Bouvier va de nouveau animer sa boutique, ce mercredi 2 juillet, \u00e0 19h pour f\u00eater un bel anniversaire, celui des dix ans de sa Maison de\u00a0couture. Passion et \u00e9l\u00e9gance figurent au menu de ce rendez-vous, avec \u00e0 l\u2019affiche un d\u00e9fil\u00e9 de mode bien s\u00fbr, avec des mannequins tri\u00e9s sur le volet.<\/p>\n<p>Un v\u00e9ritable lieu de cr\u00e9ation<\/p>\n<p class=\" wall-content\">La Maison de la couture de Caroline Bouvier est un v\u00e9ritable lieu de cr\u00e9ation et de travail. On y fait du sur-mesure, mais \u00e9galement de la transformation de v\u00eatements ainsi que de la retouche. La volont\u00e9 premi\u00e8re de Caroline Bouvier est de faire rena\u00eetre l\u2019esprit des maisons de couture d\u2019autrefois et de sublimer la femme et l\u2019homme.<\/p>\n<p class=\" wall-content\"><strong>La femme<\/strong> : la cr\u00e9ation doit avoir un caract\u00e8re personnel. La Maison de Couture modernise l\u2019image du sur-mesure tout en conservant ses valeurs fondamentales d\u2019exclusivit\u00e9 et de qualit\u00e9.<\/p>\n<p class=\" wall-content\"><strong>L\u2019homme<\/strong> : offrir \u00e0 ces messieurs une garde-robe qui ne ressemble qu\u2019\u00e0 eux\u2026 Tel est le d\u00e9fi que s\u2019est donn\u00e9 la cr\u00e9atrice Caroline Bouvier en cr\u00e9ant la ligne masculine de confection sur-mesure. La couturi\u00e8re montpelli\u00e9raine fait les choses en grand donc, avec ce show room et cet anniversaire dans l\u2019all\u00e9gresse : du sur-mesure.<\/p>\n<p>&gt; Boutique de la Maison de couture Caroline Bouvier, 15 rue du Palais des Guilhem, Montpellier. Tel : 04 67 86 94 45<\/p>\n<p class=\" wall-content\">Suivez toute l\u2019actualit\u00e9 de vos villes et m\u00e9dias favoris en vous inscrivant \u00e0 <a href=\"https:\/\/moncompte.actu.fr\" title=\"D\u00e9couvez Mon Actu\" rel=\"nofollow noopener\" data-trk=\"{&quot;cta&quot;:{&quot;action&quot;:&quot;https:\\\/\\\/moncompte.actu.fr&quot;,&quot;category&quot;:&quot;mon compte&quot;,&quot;from&quot;:&quot;article footer&quot;,&quot;name&quot;:&quot;Mon actu&quot;,&quot;type&quot;:&quot;cta&quot;}}\" target=\"_blank\">Mon Actu<\/a>.<\/p>\n","protected":false},"excerpt":{"rendered":"Par R\u00e9daction M\u00e9tropolitain Publi\u00e9 le 23 juin 2025 \u00e0 16h49 Double \u00e9v\u00e9nement dans la boutique de la Maison&hellip;\n","protected":false},"author":2,"featured_media":198481,"comment_status":"","ping_status":"","sticky":false,"template":"","format":"standard","meta":{"footnotes":""},"categories":[9599],"tags":[1111,11,1777,674,1349,1011,27,1652,2208,12,2680,25],"class_list":{"0":"post-198480","1":"post","2":"type-post","3":"status-publish","4":"format-standard","5":"has-post-thumbnail","7":"category-montpellier","8":"tag-actu","9":"tag-actualites","10":"tag-eu","11":"tag-europe","12":"tag-expositions","13":"tag-fr","14":"tag-france","15":"tag-loisirs-culture","16":"tag-montpellier","17":"tag-news","18":"tag-occitanie","19":"tag-republique-francaise"},"share_on_mastodon":{"url":"https:\/\/pubeurope.com\/@fr\/114733421920084122","error":""},"_links":{"self":[{"href":"https:\/\/www.europesays.com\/fr\/wp-json\/wp\/v2\/posts\/198480","targetHints":{"allow":["GET"]}}],"collection":[{"href":"https:\/\/www.europesays.com\/fr\/wp-json\/wp\/v2\/posts"}],"about":[{"href":"https:\/\/www.europesays.com\/fr\/wp-json\/wp\/v2\/types\/post"}],"author":[{"embeddable":true,"href":"https:\/\/www.europesays.com\/fr\/wp-json\/wp\/v2\/users\/2"}],"replies":[{"embeddable":true,"href":"https:\/\/www.europesays.com\/fr\/wp-json\/wp\/v2\/comments?post=198480"}],"version-history":[{"count":0,"href":"https:\/\/www.europesays.com\/fr\/wp-json\/wp\/v2\/posts\/198480\/revisions"}],"wp:featuredmedia":[{"embeddable":true,"href":"https:\/\/www.europesays.com\/fr\/wp-json\/wp\/v2\/media\/198481"}],"wp:attachment":[{"href":"https:\/\/www.europesays.com\/fr\/wp-json\/wp\/v2\/media?parent=198480"}],"wp:term":[{"taxonomy":"category","embeddable":true,"href":"https:\/\/www.europesays.com\/fr\/wp-json\/wp\/v2\/categories?post=198480"},{"taxonomy":"post_tag","embeddable":true,"href":"https:\/\/www.europesays.com\/fr\/wp-json\/wp\/v2\/tags?post=198480"}],"curies":[{"name":"wp","href":"https:\/\/api.w.org\/{rel}","templated":true}]}}