{"id":19850,"date":"2025-04-12T13:21:21","date_gmt":"2025-04-12T13:21:21","guid":{"rendered":"https:\/\/www.europesays.com\/fr\/19850\/"},"modified":"2025-04-12T13:21:21","modified_gmt":"2025-04-12T13:21:21","slug":"strasbourg-le-prix-du-roman-decologie-2025-associe-a-strasbourg-capitale-mondiale-du-livre","status":"publish","type":"post","link":"https:\/\/www.europesays.com\/fr\/19850\/","title":{"rendered":"Strasbourg. Le Prix du roman d\u2019\u00e9cologie 2025 associ\u00e9 \u00e0 Strasbourg capitale mondiale du livre"},"content":{"rendered":"<p>\u00ab\u00a0On est face \u00e0 des choix difficiles puisque les six romans qui ont \u00e9t\u00e9 s\u00e9lectionn\u00e9s sont de grande qualit\u00e9 litt\u00e9raire et placent l\u2019\u00e9cologie au c\u0153ur de leur intrigue\u00a0\u00bb, consid\u00e8re Lucile Schmid en ouvrant les premi\u00e8res d\u00e9lib\u00e9rations. La copr\u00e9sidente du <a href=\"https:\/\/prixduromandecologie.fr\/\" target=\"_blank\" rel=\"nofollow noopener\">Prix du roman d\u2019\u00e9cologie, cr\u00e9\u00e9 en 2018<\/a> , s\u2019adresse notamment aux jur\u00e9s strasbourgeois qui l\u2019entourent lors de la r\u00e9union qui s\u2019est tenue \u00e0 l\u2019universit\u00e9, le 19\u00a0mars.<\/p>\n<p>  Une diversit\u00e9 de styles et d\u2019approches<\/p>\n<p>Depuis sa cr\u00e9ation, c\u2019est la premi\u00e8re fois que le Prix du roman d\u2019\u00e9cologie se d\u00e9localise hors de Paris, et \u00e9largit son jury. Car cette \u00e9dition 2025 est plac\u00e9e sous le signe de <a href=\"https:\/\/www.dna.fr\/culture-loisirs\/2025\/04\/05\/a-l-heure-du-bilan-davantage-de-lecteurs-mais-un-rayonnement-en-demi-teinte?login=1\" target=\"_blank\" rel=\"nofollow noopener\"> la labellisation Capitale mondiale du livre<\/a>. Les jur\u00e9s strasbourgeois\u00a0 sont Samuel Cordier, directeur du Mus\u00e9e zoologique de la Ville de Strasbourg, Guillaume Gast, responsable de la m\u00e9diath\u00e8que Frida Kahlo, Yves Zimmermann, directeur de projet Agenda 2030 de la Ville de Strasbourg, Martine Gemmerl\u00e9, directrice du Service des biblioth\u00e8ques de l\u2019Universit\u00e9 de Strasbourg, et Jo\u00eblle Buch, m\u00e9diatrice culturelle et blogueuse litt\u00e9raire, ainsi que des \u00e9tudiantes\u00a0: Lilou Beitz, Julie Daccache, Fanny Eyer, Laura Wininger en master des m\u00e9tiers de l\u2019\u00e9dition, Emma Gouverneur et Flavie Gerenton en lettres, Elisa Leprince de l\u2019INSA et Maya Herin de l\u2019ENSAS composent le jury.<\/p>\n<p>                                            <img class=\"placeholder-svg\" loading=\"lazy\" decoding=\"async\" src=\"https:\/\/www.europesays.com\/fr\/wp-content\/uploads\/2025\/04\/digiteka.svg.svg+xml\" alt=\"Digiteka PlaceHolder\"\/><\/p>\n<p>Les jur\u00e9s permanents S\u00e9bastien Billard, Alice Ferney, Pauline Frileux, Elizabeth Guillon, Alexis Jenni, Laure Limongi, Laurent Quintreau (copr\u00e9sident) et Pierre Schoentjes (auteurs, enseignant, journaliste), majoritairement \u00e0 Paris, sont connect\u00e9s en visio. Les d\u00e9bats s\u2019engagent v\u00e9ritablement apr\u00e8s quelques soucis de connexion.<\/p>\n<p>\u00ab\u00a0C\u00e9der \u00e0 votre subjectivit\u00e9 mais essayez, lorsque vous allez prendre la parole et d\u00e9fendre votre choix, de vous exprimer d\u2019une mani\u00e8re assez positive, encourage la copr\u00e9sidente. Je pense que l\u2019esprit du prix n\u2019est pas de dire du mal des romans que vous avez moins aim\u00e9\u00a0\u00bb.<\/p>\n<p>En lice, les livres\u00a0suivants\u00a0: Cabane  d\u2019Abel Quentin (\u00e9d. de l\u2019Observatoire), Sister-ship d\u2019Elisabeth Filhol (\u00e9d. P.O.L),  Dors ton sommeil de brute  de Carole Martinez (\u00e9d.) Gallimard, M\u00e9lusine Reloaded  de Laure Gauthier (\u00e9d. Corti), Malville  d\u2019Emmanuel Ruben (\u00e9d. Stock),  Ceux du lac de Corinne Royer (\u00e9d. Seuil). \u00c0 travers les d\u00e9lib\u00e9rations, le jury se retrouve face \u00e0 une diversit\u00e9 de styles et d\u2019approches. Des fresques humaines aux r\u00e9cits intimes, des explorations po\u00e9tiques \u00e0 un conte et autres intrigues engag\u00e9es.<\/p>\n<p>L\u2019\u00e9tudiante Julie Daccache est pr\u00eate \u00e0 se battre jusqu\u2019au bout pour d\u00e9fendre \u00ab\u00a0son coup de c\u0153ur\u00a0\u00bb. Lucile Schmid n\u2019est pas d\u2019accord avec le copr\u00e9sident. Pierre Schoentjes adopte \u00ab\u00a0une position m\u00e9diane\u00a0\u00bb, et \u00ab\u00a0d\u00e9fend la forme litt\u00e9raire\u00a0\u00bb. Pour Guillaume Gast \u00ab\u00a0ce livre est \u00a0porteur d\u2019espoir et de solutions\u00a0\u00bb.<\/p>\n<p>  Des \u0153uvres capables d\u2019inspirer et de\u00a0sensibiliser<\/p>\n<p>Des avis parfois s\u00e9v\u00e8res s\u2019\u00e9changent. \u00ab\u00a0C\u2019est hors sujet\u00a0\u00bb pointe Yves Zimmermann\u00a0; \u00ab\u00a0admirable mais ennuyeux\u00a0\u00bb, compl\u00e8te une autre. Lucile Schmid arbitre les \u00e9changes\u00a0: \u00ab\u00a0Vous n\u2019allez pas changer de position\u00a0\u00bb. D\u2019appr\u00e9ciations en r\u00e9serves, certains titres soul\u00e8vent plus de consensus.<\/p>\n<p>\u00catre au c\u0153ur de ce jury, c\u2019est participer \u00e0 un dialogue essentiel entre la litt\u00e9rature et l\u2019\u00e9cologie, et contribuer \u00e0 mettre en avant des \u0153uvres capables d\u2019inspirer et de sensibiliser. Au bout de deux heures de discussions, on passe aux votes. Trois livres restent en lice.<\/p>\n<p>En ce 3\u00a0avril, les jur\u00e9s strasbourgeois se retrouvent dans les locaux de la direction de la culture de la Ville. Toujours hybride, entre pr\u00e9sentiel et visio, cette derni\u00e8re s\u00e9ance d\u00e9signant le laur\u00e9at du Prix du roman d\u2019\u00e9cologie 2025 est pr\u00e9sid\u00e9e par Guillaume Gast. Apr\u00e8s s\u2019\u00eatre mis d\u2019accord sur la m\u00e9thode de vote, le tour de table autour des trois finalistes d\u00e9marre.<\/p>\n<p>  Qui a gagn\u00e9\u00a0? R\u00e9ponse le 15\u00a0avril<\/p>\n<p>Le romancier Alexis Jenni se r\u00e9jouit de l\u2019\u00ab\u00a0imaginaire carpatique\u00a0\u00bb d\u2019une autrice. Plus critique, il estime que l\u2019un des finalistes \u00ab\u00a0n\u2019a pas trait\u00e9 le sujet du fleuve qu\u2019il connait si bien\u00a0\u00bb. \u00c9galement en visio, Ana\u00efs Denoits, DRH de Greenpeace, s\u2019interroge\u00a0: \u00ab\u00a0Quelle trace\u00a0?\u00a0\u00bb m\u00e9morielle va laisser le livre prim\u00e9\u00a0? Ce partenariat avec Strasbourg Capitale mondiale du livre appelle \u00e0 c\u00e9l\u00e9brer un roman europ\u00e9en, dit-elle en d\u00e9fendant son choix. Un livre plus \u00ab\u00a0holistique avec une vraie aura\u00a0\u00bb.<\/p>\n<p>\u00c0 l\u2019issue de deux tours tr\u00e8s serr\u00e9s, le laur\u00e9at du roman d\u2019\u00e9cologie 2025 a \u00e9t\u00e9 d\u00e9sign\u00e9. Son nom sera d\u00e9voil\u00e9 \u00e0 la remise du prix le 15\u00a0avril \u00e0 19h30, \u00e0 l\u2019Universit\u00e9 de Strasbourg.<\/p>\n<p class=\"note\">Remise du Prix du roman d\u2019\u00e9cologie le 15\u00a0avril \u00e0 19h30, \u00e0 l\u2019Universit\u00e9 de Strasbourg dans le cadre des Rencontres internationales de l\u2019\u00e9cologie qui ont lieu les 15 et 16\u00a0avril \u00e0 l\u2019Universit\u00e9 de Strasbourg, gratuites, ouvertes au public. www.strasbourg.eu<\/p>\n","protected":false},"excerpt":{"rendered":"\u00ab\u00a0On est face \u00e0 des choix difficiles puisque les six romans qui ont \u00e9t\u00e9 s\u00e9lectionn\u00e9s sont de grande&hellip;\n","protected":false},"author":2,"featured_media":19851,"comment_status":"","ping_status":"","sticky":false,"template":"","format":"standard","meta":{"footnotes":""},"categories":[2820],"tags":[1111,11,2389,1687,2880,1777,674,107,1011,27,5325,2798,775,2410,12,25,640,2879,133],"class_list":{"0":"post-19850","1":"post","2":"type-post","3":"status-publish","4":"format-standard","5":"has-post-thumbnail","7":"category-strasbourg","8":"tag-actu","9":"tag-actualites","10":"tag-alsace","11":"tag-culture-loisirs","12":"tag-edition-strasbourg","13":"tag-eu","14":"tag-europe","15":"tag-fil-info","16":"tag-fr","17":"tag-france","18":"tag-galerie-media","19":"tag-galerie-photo","20":"tag-grand-est","21":"tag-livres-bd","22":"tag-news","23":"tag-republique-francaise","24":"tag-strasbourg","25":"tag-strasbourg-ville","26":"tag-video"},"share_on_mastodon":{"url":"https:\/\/pubeurope.com\/@fr\/114325204792302727","error":""},"_links":{"self":[{"href":"https:\/\/www.europesays.com\/fr\/wp-json\/wp\/v2\/posts\/19850","targetHints":{"allow":["GET"]}}],"collection":[{"href":"https:\/\/www.europesays.com\/fr\/wp-json\/wp\/v2\/posts"}],"about":[{"href":"https:\/\/www.europesays.com\/fr\/wp-json\/wp\/v2\/types\/post"}],"author":[{"embeddable":true,"href":"https:\/\/www.europesays.com\/fr\/wp-json\/wp\/v2\/users\/2"}],"replies":[{"embeddable":true,"href":"https:\/\/www.europesays.com\/fr\/wp-json\/wp\/v2\/comments?post=19850"}],"version-history":[{"count":0,"href":"https:\/\/www.europesays.com\/fr\/wp-json\/wp\/v2\/posts\/19850\/revisions"}],"wp:featuredmedia":[{"embeddable":true,"href":"https:\/\/www.europesays.com\/fr\/wp-json\/wp\/v2\/media\/19851"}],"wp:attachment":[{"href":"https:\/\/www.europesays.com\/fr\/wp-json\/wp\/v2\/media?parent=19850"}],"wp:term":[{"taxonomy":"category","embeddable":true,"href":"https:\/\/www.europesays.com\/fr\/wp-json\/wp\/v2\/categories?post=19850"},{"taxonomy":"post_tag","embeddable":true,"href":"https:\/\/www.europesays.com\/fr\/wp-json\/wp\/v2\/tags?post=19850"}],"curies":[{"name":"wp","href":"https:\/\/api.w.org\/{rel}","templated":true}]}}