{"id":198506,"date":"2025-06-23T15:50:09","date_gmt":"2025-06-23T15:50:09","guid":{"rendered":"https:\/\/www.europesays.com\/fr\/198506\/"},"modified":"2025-06-23T15:50:09","modified_gmt":"2025-06-23T15:50:09","slug":"voici-quand-ils-pourraient-eclater","status":"publish","type":"post","link":"https:\/\/www.europesays.com\/fr\/198506\/","title":{"rendered":"voici quand ils pourraient \u00e9clater"},"content":{"rendered":"<p>            Par<br \/>\n        <strong><br \/>\n            <a href=\"https:\/\/actu.fr\/auteur\/redaction-bordeaux\" title=\"Consulter tous les articles de R\u00e9daction Bordeaux\" rel=\"nofollow noopener\" target=\"_blank\">R\u00e9daction Bordeaux<\/a><br \/>\n        <\/strong><\/p>\n<p>        Publi\u00e9 le<\/p>\n<p>            23 juin 2025 \u00e0 17h45        <\/p>\n<p>Dix jours apr\u00e8s <a href=\"https:\/\/actu.fr\/nouvelle-aquitaine\/bordeaux_33063\/le-calvaire-de-la-rocade-lors-du-violent-orage-a-bordeaux-on-etait-en-plein-film-apocalyptique_62775050.html\" rel=\"nofollow noopener\" target=\"_blank\">les violents orages qui se sont abattus sur la Gironde le 13\u00a0juin 2025,<\/a> le d\u00e9partement est \u00e0 nouveau <strong>class\u00e9 en vigilance jaune<\/strong> pour risques d\u2019orages par <a href=\"https:\/\/actu.fr\/tag\/meteo-france\" rel=\"nofollow noopener\" target=\"_blank\">M\u00e9t\u00e9o France.<\/a><\/p>\n<p class=\" wall-content\">Un temps devrait \u00eatre voil\u00e9 ce mardi 24\u00a0juin dans l\u2019apr\u00e8s-midi, avec une temp\u00e9rature maximale <strong>attendue de 35 degr\u00e9s <\/strong><a href=\"https:\/\/actu.fr\/bordeaux\/\" rel=\"nofollow noopener\" target=\"_blank\">\u00e0 Bordeaux.<\/a>\u00a0Des orages sont attendus d\u00e8s la fin de l\u2019apr\u00e8s-midi dans le d\u00e9partement, mais c\u2019est \u00e0 partir de 20\u00a0heures que la vigilance jaune sera valable.<\/p>\n<p class=\" wall-content\">M\u00e9t\u00e9o France pr\u00e9voit \u00e9galement des rafales \u00e0 95\u00a0km\/h sont \u00e0 Bordeaux et jusqu\u2019\u00e0 100\u00a0km\/h sur le bassin d\u2019Arcachon ou <strong>105\u00a0km\/h \u00e0 Blaye<\/strong> ce mardi.<\/p>\n<p>Des orages attendus mercredi<\/p>\n<p class=\" wall-content\">\u00ab\u2009Des orages localement forts pourront toucher <strong>la fa\u00e7ade atlantique<\/strong> pour remonter sur le Bordelais, risque de gr\u00eale, rafale de vent violente localement\u2009\u00bb, pr\u00e9cise la page Facebook <a href=\"https:\/\/www.facebook.com\/meteomna\" rel=\"nofollow noopener\" target=\"_blank\">M\u00e9t\u00e9o Nouvelle Aquitaine.<\/a><\/p>\n<p class=\" wall-content\">Les passionn\u00e9s et \u00ab\u2009chevaucheurs d\u2019orages\u2009\u00bb expriment tout de m\u00eame <strong>un doute<\/strong>\u2009: \u00ab\u2009Il y a une certaine quantit\u00e9 de <strong>sable du Sahara,<\/strong> soit il va retarder les orages ou tout simplement emp\u00eacher la convection\u2009\u00bb.<\/p>\n<p>Vid\u00e9os : en ce moment sur Actu<\/p>\n<p class=\" wall-content\">Pour <a href=\"https:\/\/www.lachainemeteo.com\/meteo-france\/ville-6560\/previsions-meteo-bordeaux-mercredi\" rel=\"nofollow noopener\" target=\"_blank\">la Chaine M\u00e9t\u00e9o \u00e9galement,<\/a> les orages devraient plut\u00f4t \u00e9clater <a href=\"https:\/\/actu.fr\/nouvelle-aquitaine\/bordeaux_33063\/apres-un-dernier-pic-de-chaleur-meteo-france-annonce-de-l-orage-en-gironde_62806873.html\" rel=\"nofollow noopener\" target=\"_blank\">ce mercredi en Gironde.<\/a> De son c\u00f4t\u00e9, M\u00e9t\u00e9o France annonce aussi des orages dans l\u2019apr\u00e8s-midi \u00e0 travers <strong>tout le d\u00e9partement.<\/strong>\u00a0En soir\u00e9e, ils devraient \u00eatre concentr\u00e9s sur l\u2019est de la Gironde.<\/p>\n<p>Pour suivre l\u2019\u00e9volution de la situation, rendez-vous sur le site de <a href=\"https:\/\/meteofrance.com\/previsions-meteo-france\/bordeaux\/33000\" rel=\"nofollow noopener\" target=\"_blank\">M\u00e9t\u00e9o France.<\/a><\/p>\n<p class=\" wall-content\">Suivez toute l\u2019actualit\u00e9 de vos villes et m\u00e9dias favoris en vous inscrivant \u00e0 <a href=\"https:\/\/moncompte.actu.fr\" title=\"D\u00e9couvez Mon Actu\" rel=\"nofollow noopener\" data-trk=\"{&quot;cta&quot;:{&quot;action&quot;:&quot;https:\\\/\\\/moncompte.actu.fr&quot;,&quot;category&quot;:&quot;mon compte&quot;,&quot;from&quot;:&quot;article footer&quot;,&quot;name&quot;:&quot;Mon actu&quot;,&quot;type&quot;:&quot;cta&quot;}}\" target=\"_blank\">Mon Actu<\/a>.<\/p>\n","protected":false},"excerpt":{"rendered":"Par R\u00e9daction Bordeaux Publi\u00e9 le 23 juin 2025 \u00e0 17h45 Dix jours apr\u00e8s les violents orages qui se&hellip;\n","protected":false},"author":2,"featured_media":177229,"comment_status":"","ping_status":"","sticky":false,"template":"","format":"standard","meta":{"footnotes":""},"categories":[2817],"tags":[1111,11,1997,1777,674,1011,27,2487,2357,12,2219,4594,25],"class_list":{"0":"post-198506","1":"post","2":"type-post","3":"status-publish","4":"format-standard","5":"has-post-thumbnail","7":"category-bordeaux","8":"tag-actu","9":"tag-actualites","10":"tag-bordeaux","11":"tag-eu","12":"tag-europe","13":"tag-fr","14":"tag-france","15":"tag-meteo","16":"tag-meteo-france","17":"tag-news","18":"tag-nouvelle-aquitaine","19":"tag-orages","20":"tag-republique-francaise"},"share_on_mastodon":{"url":"https:\/\/pubeurope.com\/@fr\/114733476957314198","error":""},"_links":{"self":[{"href":"https:\/\/www.europesays.com\/fr\/wp-json\/wp\/v2\/posts\/198506","targetHints":{"allow":["GET"]}}],"collection":[{"href":"https:\/\/www.europesays.com\/fr\/wp-json\/wp\/v2\/posts"}],"about":[{"href":"https:\/\/www.europesays.com\/fr\/wp-json\/wp\/v2\/types\/post"}],"author":[{"embeddable":true,"href":"https:\/\/www.europesays.com\/fr\/wp-json\/wp\/v2\/users\/2"}],"replies":[{"embeddable":true,"href":"https:\/\/www.europesays.com\/fr\/wp-json\/wp\/v2\/comments?post=198506"}],"version-history":[{"count":0,"href":"https:\/\/www.europesays.com\/fr\/wp-json\/wp\/v2\/posts\/198506\/revisions"}],"wp:featuredmedia":[{"embeddable":true,"href":"https:\/\/www.europesays.com\/fr\/wp-json\/wp\/v2\/media\/177229"}],"wp:attachment":[{"href":"https:\/\/www.europesays.com\/fr\/wp-json\/wp\/v2\/media?parent=198506"}],"wp:term":[{"taxonomy":"category","embeddable":true,"href":"https:\/\/www.europesays.com\/fr\/wp-json\/wp\/v2\/categories?post=198506"},{"taxonomy":"post_tag","embeddable":true,"href":"https:\/\/www.europesays.com\/fr\/wp-json\/wp\/v2\/tags?post=198506"}],"curies":[{"name":"wp","href":"https:\/\/api.w.org\/{rel}","templated":true}]}}